{"id":45504,"date":"2024-07-23T08:15:34","date_gmt":"2024-07-23T08:15:34","guid":{"rendered":"https://blog.infoempresa.com\/?p=45504"},"modified":"2024-07-23T08:15:34","modified_gmt":"2024-07-23T08:15:34","slug":"la-pesca-y-la-agricultura-dos-sectores-clave-para-la-economa-espaola","status":"publish","type":"post","link":"https://blog.infoempresa.com\/de\/la-pesca-y-la-agricultura-dos-sectores-clave-para-la-economa-espaola\/","title":{"rendered":"Fischerei und Landwirtschaft, zwei Schl\u00fcsselsektoren f\u00fcr die spanische Wirtschaft"},"content":{"rendered":"\t\t<div data-elementor-type=\"wp-post\" data-elementor-id=\"45504\" class=\"elementor elementor-45504\">\n\t\t\t\t\t\t\t\t\t<section class=\"elementor-section elementor-top-section elementor-element elementor-element-85286ac elementor-section-boxed elementor-section-height-default elementor-section-height-default\" data-id=\"85286ac\" data-element_type=\"section\">\n\t\t\t\t\t\t<div class=\"elementor-container elementor-column-gap-default\">\n\t\t\t\t\t<div class=\"elementor-column elementor-col-100 elementor-top-column elementor-element elementor-element-dc61a01\" data-id=\"dc61a01\" data-element_type=\"column\">\n\t\t\t<div class=\"elementor-widget-wrap elementor-element-populated\">\n\t\t\t\t\t\t\t\t<div class=\"elementor-element elementor-element-b1cd0c0 elementor-widget elementor-widget-text-editor\" data-id=\"b1cd0c0\" data-element_type=\"widget\" data-widget_type=\"text-editor.default\">\n\t\t\t\t<div class=\"elementor-widget-container\">\n\t\t\t<style>\/*! elementor - v3.17.0 - 01-11-2023 *\/\n.elementor-widget-text-editor.elementor-drop-cap-view-stacked .elementor-drop-cap{background-color:#69727d;color:#fff}.elementor-widget-text-editor.elementor-drop-cap-view-framed .elementor-drop-cap{color:#69727d;border:3px solid;background-color:transparent}.elementor-widget-text-editor:not(.elementor-drop-cap-view-default) .elementor-drop-cap{margin-top:8px}.elementor-widget-text-editor:not(.elementor-drop-cap-view-default) .elementor-drop-cap-letter{width:1em;height:1em}.elementor-widget-text-editor .elementor-drop-cap{float:left;text-align:center;line-height:1;font-size:50px}.elementor-widget-text-editor .elementor-drop-cap-letter{display:inline-block}<\/style>\t\t\t\t<p> Die spanische Wirtschaft hat zwei wesentliche S\u00e4ulen: Fischerei und Landwirtschaft. Diese Sektoren spielen eine grundlegende Rolle im wirtschaftlichen und sozialen Leben des Landes und tragen erheblich zum Bruttoinlandsprodukt (BIP), zur Besch\u00e4ftigung und zur Handelsbilanz bei. In diesem Artikel werden wir die Bedeutung von Fischerei und Landwirtschaft in Spanien eingehend untersuchen und dabei ihre Schl\u00fcsselfiguren, die f\u00fchrenden Unternehmen und die Herausforderungen, vor denen sie heute stehen, hervorheben. <\/p>\t\t\t\t\t\t<\/div>\n\t\t\t\t<\/div>\n\t\t\t\t\t<\/div>\n\t\t<\/div>\n\t\t\t\t\t\t\t<\/div>\n\t\t<\/section>\n\t\t\t\t<section class=\"elementor-section elementor-top-section elementor-element elementor-element-d8481b8 elementor-section-boxed elementor-section-height-default elementor-section-height-default\" data-id=\"d8481b8\" data-element_type=\"section\">\n\t\t\t\t\t\t<div class=\"elementor-container elementor-column-gap-default\">\n\t\t\t\t\t<div class=\"elementor-column elementor-col-100 elementor-top-column elementor-element elementor-element-9fa37fd\" data-id=\"9fa37fd\" data-element_type=\"column\">\n\t\t\t<div class=\"elementor-widget-wrap elementor-element-populated\">\n\t\t\t\t\t\t\t\t<div class=\"elementor-element elementor-element-ca64e4f elementor-widget elementor-widget-text-editor\" data-id=\"ca64e4f\" data-element_type=\"widget\" data-widget_type=\"text-editor.default\">\n\t\t\t\t<div class=\"elementor-widget-container\">\n\t\t\t\t\t\t\t<p> Der spanische Fischereisektor ist mit einer Jahresproduktion von rund 2 Millionen Tonnen einer der wichtigsten in Europa. Die spanische Fischereiflotte besteht aus mehr als 10.000 Schiffen, die in allen Weltmeeren operieren. Diese vielf\u00e4ltige Flotte widmet sich dem Fang einer Vielzahl von Arten, von denen die wichtigsten Thunfisch, Seehecht, Sardine und Kabeljau sind. Diese Produkte entsprechen nicht nur den Bed\u00fcrfnissen des Inlandsmarktes, sondern werden auch international exportiert, was erheblich zur Handelsbilanz Spaniens beitr\u00e4gt. <\/p>\t\t\t\t\t\t<\/div>\n\t\t\t\t<\/div>\n\t\t\t\t\t<\/div>\n\t\t<\/div>\n\t\t\t\t\t\t\t<\/div>\n\t\t<\/section>\n\t\t\t\t<section class=\"elementor-section elementor-top-section elementor-element elementor-element-2814c32 elementor-section-boxed elementor-section-height-default elementor-section-height-default\" data-id=\"2814c32\" data-element_type=\"section\">\n\t\t\t\t\t\t<div class=\"elementor-container elementor-column-gap-default\">\n\t\t\t\t\t<div class=\"elementor-column elementor-col-100 elementor-top-column elementor-element elementor-element-a634c3f\" data-id=\"a634c3f\" data-element_type=\"column\">\n\t\t\t<div class=\"elementor-widget-wrap elementor-element-populated\">\n\t\t\t\t\t\t\t\t<div class=\"elementor-element elementor-element-ca261c3 elementor-widget elementor-widget-text-editor\" data-id=\"ca261c3\" data-element_type=\"widget\" data-widget_type=\"text-editor.default\">\n\t\t\t\t<div class=\"elementor-widget-container\">\n\t\t\t\t\t\t\t<p> In Bezug auf die Gesch\u00e4ftszahlen erwirtschaftete der spanische Fischereisektor im Jahr 2022 ein BIP von rund 1,2 Milliarden Euro. Dar\u00fcber hinaus wird die direkte Besch\u00e4ftigung in diesem Sektor auf rund 30.000 Menschen gesch\u00e4tzt, und es gibt weitere 100.000 indirekte Arbeitspl\u00e4tze im Zusammenhang mit Fischerei- und Verarbeitungst\u00e4tigkeiten. <\/p>\t\t\t\t\t\t<\/div>\n\t\t\t\t<\/div>\n\t\t\t\t\t<\/div>\n\t\t<\/div>\n\t\t\t\t\t\t\t<\/div>\n\t\t<\/section>\n\t\t\t\t<section class=\"elementor-section elementor-top-section elementor-element elementor-element-ef9d8f5 elementor-section-boxed elementor-section-height-default elementor-section-height-default\" data-id=\"ef9d8f5\" data-element_type=\"section\">\n\t\t\t\t\t\t<div class=\"elementor-container elementor-column-gap-default\">\n\t\t\t\t\t<div class=\"elementor-column elementor-col-100 elementor-top-column elementor-element elementor-element-6257920\" data-id=\"6257920\" data-element_type=\"column\">\n\t\t\t<div class=\"elementor-widget-wrap elementor-element-populated\">\n\t\t\t\t\t\t\t\t<div class=\"elementor-element elementor-element-42725f1 elementor-widget elementor-widget-text-editor\" data-id=\"42725f1\" data-element_type=\"widget\" data-widget_type=\"text-editor.default\">\n\t\t\t\t<div class=\"elementor-widget-container\">\n\t\t\t\t\t\t\t<p> Unter den f\u00fchrenden Fischereiunternehmen in Spanien stechen Namen wie <a href=\"https:\/\/www.infoempresa.com\/es-es\/es\/empresa\/grupo-profand-sl\">Grupo Profand<\/a> hervor, eines der gr\u00f6\u00dften Fischereiunternehmen der Welt mit Hauptsitz in Vigo. <a href=\"https:\/\/www.infoempresa.com\/es-es\/es\/directivo\/conservas-ortiz-sa#search-leaders\">Conservas Ortiz<\/a> mit Sitz in Bermeo ist ein weiteres Familienunternehmen, das sich auf die Herstellung von Fischkonserven spezialisiert hat und auf dem Markt Anerkennung gefunden hat. <\/p>\t\t\t\t\t\t<\/div>\n\t\t\t\t<\/div>\n\t\t\t\t\t<\/div>\n\t\t<\/div>\n\t\t\t\t\t\t\t<\/div>\n\t\t<\/section>\n\t\t\t\t<section class=\"elementor-section elementor-top-section elementor-element elementor-element-9d71e20 elementor-section-boxed elementor-section-height-default elementor-section-height-default\" data-id=\"9d71e20\" data-element_type=\"section\">\n\t\t\t\t\t\t<div class=\"elementor-container elementor-column-gap-default\">\n\t\t\t\t\t<div class=\"elementor-column elementor-col-100 elementor-top-column elementor-element elementor-element-5ff7f43\" data-id=\"5ff7f43\" data-element_type=\"column\">\n\t\t\t<div class=\"elementor-widget-wrap elementor-element-populated\">\n\t\t\t\t\t\t\t\t<div class=\"elementor-element elementor-element-cb33ae0 elementor-widget elementor-widget-text-editor\" data-id=\"cb33ae0\" data-element_type=\"widget\" data-widget_type=\"text-editor.default\">\n\t\t\t\t<div class=\"elementor-widget-container\">\n\t\t\t\t\t\t\t<p> Der spanische Fischereisektor ist jedoch nicht ohne Herausforderungen. Eine der gr\u00f6\u00dften Herausforderungen, vor denen er steht, ist die Notwendigkeit, die Nachhaltigkeit seiner Aktivit\u00e4ten sicherzustellen. Der zunehmende Umweltdruck erfordert eine verantwortungsvolle Nutzung der nat\u00fcrlichen Ressourcen, um eine \u00dcberfischung und den R\u00fcckgang der Meerestiere zu vermeiden. Dar\u00fcber hinaus muss der Sektor auf dem Weltmarkt mit L\u00e4ndern konkurrieren, die niedrigere Produktionskosten haben. <\/p>\t\t\t\t\t\t<\/div>\n\t\t\t\t<\/div>\n\t\t\t\t\t<\/div>\n\t\t<\/div>\n\t\t\t\t\t\t\t<\/div>\n\t\t<\/section>\n\t\t\t\t<section class=\"elementor-section elementor-top-section elementor-element elementor-element-da4305d elementor-section-boxed elementor-section-height-default elementor-section-height-default\" data-id=\"da4305d\" data-element_type=\"section\">\n\t\t\t\t\t\t<div class=\"elementor-container elementor-column-gap-default\">\n\t\t\t\t\t<div class=\"elementor-column elementor-col-100 elementor-top-column elementor-element elementor-element-96ee0fd\" data-id=\"96ee0fd\" data-element_type=\"column\">\n\t\t\t<div class=\"elementor-widget-wrap elementor-element-populated\">\n\t\t\t\t\t\t\t\t<div class=\"elementor-element elementor-element-49d2ed7 elementor-widget elementor-widget-heading\" data-id=\"49d2ed7\" data-element_type=\"widget\" data-widget_type=\"heading.default\">\n\t\t\t\t<div class=\"elementor-widget-container\">\n\t\t\t<style>\/*! elementor - v3.17.0 - 01-11-2023 *\/\n.elementor-heading-title{padding:0;margin:0;line-height:1}.elementor-widget-heading .elementor-heading-title[class*=elementor-size-]>a{color:inherit;font-size:inherit;line-height:inherit}.elementor-widget-heading .elementor-heading-title.elementor-size-small{font-size:15px}.elementor-widget-heading .elementor-heading-title.elementor-size-medium{font-size:19px}.elementor-widget-heading .elementor-heading-title.elementor-size-large{font-size:29px}.elementor-widget-heading .elementor-heading-title.elementor-size-xl{font-size:39px}.elementor-widget-heading .elementor-heading-title.elementor-size-xxl{font-size:59px}<\/style><h2 class=\"elementor-heading-title elementor-size-default\">Landwirtschaft, Land als Wohlstandsquelle<\/h2>\t\t<\/div>\n\t\t\t\t<\/div>\n\t\t\t\t\t<\/div>\n\t\t<\/div>\n\t\t\t\t\t\t\t<\/div>\n\t\t<\/section>\n\t\t\t\t<section class=\"elementor-section elementor-top-section elementor-element elementor-element-3d489d0 elementor-section-boxed elementor-section-height-default elementor-section-height-default\" data-id=\"3d489d0\" data-element_type=\"section\">\n\t\t\t\t\t\t<div class=\"elementor-container elementor-column-gap-default\">\n\t\t\t\t\t<div class=\"elementor-column elementor-col-100 elementor-top-column elementor-element elementor-element-6b42a54\" data-id=\"6b42a54\" data-element_type=\"column\">\n\t\t\t<div class=\"elementor-widget-wrap elementor-element-populated\">\n\t\t\t\t\t\t\t\t<div class=\"elementor-element elementor-element-5420cdd elementor-widget elementor-widget-text-editor\" data-id=\"5420cdd\" data-element_type=\"widget\" data-widget_type=\"text-editor.default\">\n\t\t\t\t<div class=\"elementor-widget-container\">\n\t\t\t\t\t\t\t<p> Der spanische Agrarsektor ist auch ein wichtiger Wirtschaftsmotor f\u00fcr das Land. Obwohl Spanien nur 6% des europ\u00e4ischen Territoriums einnimmt, tr\u00e4gt die Landwirtschaft erheblich zum nationalen BIP bei und macht etwa 5% der spanischen Wirtschaft aus. <\/p>\t\t\t\t\t\t<\/div>\n\t\t\t\t<\/div>\n\t\t\t\t\t<\/div>\n\t\t<\/div>\n\t\t\t\t\t\t\t<\/div>\n\t\t<\/section>\n\t\t\t\t<section class=\"elementor-section elementor-top-section elementor-element elementor-element-d605dc4 elementor-section-boxed elementor-section-height-default elementor-section-height-default\" data-id=\"d605dc4\" data-element_type=\"section\">\n\t\t\t\t\t\t<div class=\"elementor-container elementor-column-gap-default\">\n\t\t\t\t\t<div class=\"elementor-column elementor-col-100 elementor-top-column elementor-element elementor-element-ec3fa7c\" data-id=\"ec3fa7c\" data-element_type=\"column\">\n\t\t\t<div class=\"elementor-widget-wrap elementor-element-populated\">\n\t\t\t\t\t\t\t\t<div class=\"elementor-element elementor-element-3b73b44 elementor-widget elementor-widget-text-editor\" data-id=\"3b73b44\" data-element_type=\"widget\" data-widget_type=\"text-editor.default\">\n\t\t\t\t<div class=\"elementor-widget-container\">\n\t\t\t\t\t\t\t<p> Zu den wichtigsten landwirtschaftlichen Erzeugnissen in Spanien geh\u00f6ren Nutzpflanzen wie Weizen, Mais, Gerste, Sonnenblumen, Oliven, Weinreben und eine Vielzahl von Fr\u00fcchten. Diese Produkte sind sowohl f\u00fcr den Inlandsmarkt als auch f\u00fcr den Export unverzichtbar, was die spanische Landwirtschaft zu einem wichtigen Akteur auf der internationalen B\u00fchne macht. <\/p>\t\t\t\t\t\t<\/div>\n\t\t\t\t<\/div>\n\t\t\t\t\t<\/div>\n\t\t<\/div>\n\t\t\t\t\t\t\t<\/div>\n\t\t<\/section>\n\t\t\t\t<section class=\"elementor-section elementor-top-section elementor-element elementor-element-fb2602e elementor-section-boxed elementor-section-height-default elementor-section-height-default\" data-id=\"fb2602e\" data-element_type=\"section\">\n\t\t\t\t\t\t<div class=\"elementor-container elementor-column-gap-default\">\n\t\t\t\t\t<div class=\"elementor-column elementor-col-100 elementor-top-column elementor-element elementor-element-1f5fdaa\" data-id=\"1f5fdaa\" data-element_type=\"column\">\n\t\t\t<div class=\"elementor-widget-wrap elementor-element-populated\">\n\t\t\t\t\t\t\t\t<div class=\"elementor-element elementor-element-3761b0b elementor-widget elementor-widget-text-editor\" data-id=\"3761b0b\" data-element_type=\"widget\" data-widget_type=\"text-editor.default\">\n\t\t\t\t<div class=\"elementor-widget-container\">\n\t\t\t\t\t\t\t<p> Zahlenm\u00e4\u00dfig erwirtschaftete der spanische Agrarsektor 2022 ein BIP von rund 50 Milliarden Euro. Dar\u00fcber hinaus bietet er mehr als 1,3 Millionen Menschen in ganz Spanien direkte Besch\u00e4ftigung, und weitere 2,5 Millionen indirekte Arbeitspl\u00e4tze h\u00e4ngen mit Aktivit\u00e4ten im Zusammenhang mit der Landwirtschaft zusammen. <\/p>\t\t\t\t\t\t<\/div>\n\t\t\t\t<\/div>\n\t\t\t\t\t<\/div>\n\t\t<\/div>\n\t\t\t\t\t\t\t<\/div>\n\t\t<\/section>\n\t\t\t\t<section class=\"elementor-section elementor-top-section elementor-element elementor-element-f3e4c9b elementor-section-boxed elementor-section-height-default elementor-section-height-default\" data-id=\"f3e4c9b\" data-element_type=\"section\">\n\t\t\t\t\t\t<div class=\"elementor-container elementor-column-gap-default\">\n\t\t\t\t\t<div class=\"elementor-column elementor-col-100 elementor-top-column elementor-element elementor-element-e092c41\" data-id=\"e092c41\" data-element_type=\"column\">\n\t\t\t<div class=\"elementor-widget-wrap elementor-element-populated\">\n\t\t\t\t\t\t\t\t<div class=\"elementor-element elementor-element-8ff1e9b elementor-widget elementor-widget-text-editor\" data-id=\"8ff1e9b\" data-element_type=\"widget\" data-widget_type=\"text-editor.default\">\n\t\t\t\t<div class=\"elementor-widget-container\">\n\t\t\t\t\t\t\t<p> Die spanische Landwirtschaft steht jedoch vor \u00e4hnlichen Herausforderungen wie der Fischereisektor. Nachhaltigkeit ist ein st\u00e4ndiges Anliegen, und eine angemessene Bewirtschaftung der nat\u00fcrlichen Ressourcen und eine Verringerung der Umweltbelastung sind erforderlich. Dar\u00fcber hinaus muss sich die Landwirtschaft an sich \u00e4ndernde Verbrauchertrends anpassen, beispielsweise an die wachsende Nachfrage nach biologischen und lokalen Produkten. Die Digitalisierung wird auch als Chance zur Verbesserung der Effizienz und Wettbewerbsf\u00e4higkeit im Agrarsektor dargestellt. <\/p>\t\t\t\t\t\t<\/div>\n\t\t\t\t<\/div>\n\t\t\t\t\t<\/div>\n\t\t<\/div>\n\t\t\t\t\t\t\t<\/div>\n\t\t<\/section>\n\t\t\t\t<section class=\"elementor-section elementor-top-section elementor-element elementor-element-443032b elementor-section-boxed elementor-section-height-default elementor-section-height-default\" data-id=\"443032b\" data-element_type=\"section\">\n\t\t\t\t\t\t<div class=\"elementor-container elementor-column-gap-default\">\n\t\t\t\t\t<div class=\"elementor-column elementor-col-100 elementor-top-column elementor-element elementor-element-95ec2a8\" data-id=\"95ec2a8\" data-element_type=\"column\">\n\t\t\t<div class=\"elementor-widget-wrap elementor-element-populated\">\n\t\t\t\t\t\t\t\t<div class=\"elementor-element elementor-element-da5efba elementor-widget elementor-widget-text-editor\" data-id=\"da5efba\" data-element_type=\"widget\" data-widget_type=\"text-editor.default\">\n\t\t\t\t<div class=\"elementor-widget-container\">\n\t\t\t\t\t\t\t<p> Um eine nachhaltige und erfolgreiche Zukunft zu gew\u00e4hrleisten, ist es unerl\u00e4sslich, dass der Fischerei- und Agrarsektor in Spanien weiterhin an L\u00f6sungen arbeitet, um diese Herausforderungen zu bew\u00e4ltigen und ihr Potenzial auf dem Weltmarkt optimal auszusch\u00f6pfen. Diese Sektoren sind nicht nur aus wirtschaftlicher Sicht von grundlegender Bedeutung, sondern spielen auch eine entscheidende Rolle f\u00fcr die Ern\u00e4hrungssicherheit und kulturelle Identit\u00e4t Spaniens. <\/p>\t\t\t\t\t\t<\/div>\n\t\t\t\t<\/div>\n\t\t\t\t\t<\/div>\n\t\t<\/div>\n\t\t\t\t\t\t\t<\/div>\n\t\t<\/section>\n\t\t\t\t\t\t\t<\/div>\n\t\t","protected":false},"excerpt":{"rendered":"<p>Die spanische Wirtschaft hat zwei wesentliche S\u00e4ulen: Fischerei und Landwirtschaft. <\/p>\n","protected":false},"author":1,"featured_media":3205,"comment_status":"open","ping_status":"open","sticky":false,"template":"","format":"standard","meta":{"footnotes":""},"categories":[3],"tags":[],"post_class":"clearfix post-45504 post type-post status-publish format-standard has-post-thumbnail hentry category-consulting entry","author_meta":{"name":"blog_infoempr","url":"https://blog.infoempresa.com\/de\/author\/blog_infoempr\/"},"category_list":"<a href=\"https://blog.infoempresa.com\/es\/category\/consulting\/\" rel=\"category tag\">Consulting<\/a>","featured_image":{"source_url":"<img width=\"2560\" height=\"1440\" src=\"https://blog.infoempresa.com\/wp-content\/uploads\/2023\/11\/tomas-hertogh-eS6rqvLx7o0-unsplash-scaled.jpg\" class=\"attachment-post-thumbnail size-post-thumbnail wp-post-image\" alt=\"\" decoding=\"async\" loading=\"lazy\" srcset=\"https://blog.infoempresa.com\/wp-content\/uploads\/2023\/11\/tomas-hertogh-eS6rqvLx7o0-unsplash-scaled.jpg 2560w, https://blog.infoempresa.com\/wp-content\/uploads\/2023\/11\/tomas-hertogh-eS6rqvLx7o0-unsplash-300x169.jpg 300w, https://blog.infoempresa.com\/wp-content\/uploads\/2023\/11\/tomas-hertogh-eS6rqvLx7o0-unsplash-1024x576.jpg 1024w, https://blog.infoempresa.com\/wp-content\/uploads\/2023\/11\/tomas-hertogh-eS6rqvLx7o0-unsplash-768x432.jpg 768w, https://blog.infoempresa.com\/wp-content\/uploads\/2023\/11\/tomas-hertogh-eS6rqvLx7o0-unsplash-1536x864.jpg 1536w, https://blog.infoempresa.com\/wp-content\/uploads\/2023\/11\/tomas-hertogh-eS6rqvLx7o0-unsplash-2048x1152.jpg 2048w, https://blog.infoempresa.com\/wp-content\/uploads\/2023\/11\/tomas-hertogh-eS6rqvLx7o0-unsplash-1736x977.jpg 1736w\" sizes=\"(max-width: 2560px) 100vw, 2560px\" \/>","sizes":{"thumbnail":"<img width=\"150\" height=\"150\" src=\"https://blog.infoempresa.com\/wp-content\/uploads\/2023\/11\/tomas-hertogh-eS6rqvLx7o0-unsplash-150x150.jpg\" class=\"attachment-thumbnail size-thumbnail wp-post-image\" alt=\"\" decoding=\"async\" loading=\"lazy\" srcset=\"https://blog.infoempresa.com\/wp-content\/uploads\/2023\/11\/tomas-hertogh-eS6rqvLx7o0-unsplash-150x150.jpg 150w, https://blog.infoempresa.com\/wp-content\/uploads\/2023\/11\/tomas-hertogh-eS6rqvLx7o0-unsplash-1200x1200.jpg 1200w, https://blog.infoempresa.com\/wp-content\/uploads\/2023\/11\/tomas-hertogh-eS6rqvLx7o0-unsplash-600x600.jpg 600w\" sizes=\"(max-width: 150px) 100vw, 150px\" \/>","medium":"<img width=\"300\" height=\"169\" src=\"https://blog.infoempresa.com\/wp-content\/uploads\/2023\/11\/tomas-hertogh-eS6rqvLx7o0-unsplash-300x169.jpg\" class=\"attachment-medium size-medium wp-post-image\" alt=\"\" decoding=\"async\" loading=\"lazy\" srcset=\"https://blog.infoempresa.com\/wp-content\/uploads\/2023\/11\/tomas-hertogh-eS6rqvLx7o0-unsplash-300x169.jpg 300w, https://blog.infoempresa.com\/wp-content\/uploads\/2023\/11\/tomas-hertogh-eS6rqvLx7o0-unsplash-1024x576.jpg 1024w, https://blog.infoempresa.com\/wp-content\/uploads\/2023\/11\/tomas-hertogh-eS6rqvLx7o0-unsplash-768x432.jpg 768w, https://blog.infoempresa.com\/wp-content\/uploads\/2023\/11\/tomas-hertogh-eS6rqvLx7o0-unsplash-1536x864.jpg 1536w, https://blog.infoempresa.com\/wp-content\/uploads\/2023\/11\/tomas-hertogh-eS6rqvLx7o0-unsplash-2048x1152.jpg 2048w, https://blog.infoempresa.com\/wp-content\/uploads\/2023\/11\/tomas-hertogh-eS6rqvLx7o0-unsplash-1736x977.jpg 1736w\" sizes=\"(max-width: 300px) 100vw, 300px\" \/>","medium_large":"<img width=\"700\" height=\"394\" src=\"https://blog.infoempresa.com\/wp-content\/uploads\/2023\/11\/tomas-hertogh-eS6rqvLx7o0-unsplash-768x432.jpg\" class=\"attachment-medium_large size-medium_large wp-post-image\" alt=\"\" decoding=\"async\" loading=\"lazy\" srcset=\"https://blog.infoempresa.com\/wp-content\/uploads\/2023\/11\/tomas-hertogh-eS6rqvLx7o0-unsplash-768x432.jpg 768w, https://blog.infoempresa.com\/wp-content\/uploads\/2023\/11\/tomas-hertogh-eS6rqvLx7o0-unsplash-300x169.jpg 300w, https://blog.infoempresa.com\/wp-content\/uploads\/2023\/11\/tomas-hertogh-eS6rqvLx7o0-unsplash-1024x576.jpg 1024w, https://blog.infoempresa.com\/wp-content\/uploads\/2023\/11\/tomas-hertogh-eS6rqvLx7o0-unsplash-1536x864.jpg 1536w, https://blog.infoempresa.com\/wp-content\/uploads\/2023\/11\/tomas-hertogh-eS6rqvLx7o0-unsplash-2048x1152.jpg 2048w, https://blog.infoempresa.com\/wp-content\/uploads\/2023\/11\/tomas-hertogh-eS6rqvLx7o0-unsplash-1736x977.jpg 1736w\" sizes=\"(max-width: 700px) 100vw, 700px\" \/>","large":"<img width=\"700\" height=\"394\" src=\"https://blog.infoempresa.com\/wp-content\/uploads\/2023\/11\/tomas-hertogh-eS6rqvLx7o0-unsplash-1024x576.jpg\" class=\"attachment-large size-large wp-post-image\" alt=\"\" decoding=\"async\" loading=\"lazy\" srcset=\"https://blog.infoempresa.com\/wp-content\/uploads\/2023\/11\/tomas-hertogh-eS6rqvLx7o0-unsplash-1024x576.jpg 1024w, https://blog.infoempresa.com\/wp-content\/uploads\/2023\/11\/tomas-hertogh-eS6rqvLx7o0-unsplash-300x169.jpg 300w, https://blog.infoempresa.com\/wp-content\/uploads\/2023\/11\/tomas-hertogh-eS6rqvLx7o0-unsplash-768x432.jpg 768w, https://blog.infoempresa.com\/wp-content\/uploads\/2023\/11\/tomas-hertogh-eS6rqvLx7o0-unsplash-1536x864.jpg 1536w, https://blog.infoempresa.com\/wp-content\/uploads\/2023\/11\/tomas-hertogh-eS6rqvLx7o0-unsplash-2048x1152.jpg 2048w, https://blog.infoempresa.com\/wp-content\/uploads\/2023\/11\/tomas-hertogh-eS6rqvLx7o0-unsplash-1736x977.jpg 1736w\" sizes=\"(max-width: 700px) 100vw, 700px\" \/>","rss-image":"<img width=\"300\" height=\"169\" src=\"https://blog.infoempresa.com\/wp-content\/uploads\/2023\/11\/tomas-hertogh-eS6rqvLx7o0-unsplash-300x169.jpg\" class=\"attachment-rss-image size-rss-image wp-post-image\" alt=\"\" decoding=\"async\" loading=\"lazy\" srcset=\"https://blog.infoempresa.com\/wp-content\/uploads\/2023\/11\/tomas-hertogh-eS6rqvLx7o0-unsplash-300x169.jpg 300w, https://blog.infoempresa.com\/wp-content\/uploads\/2023\/11\/tomas-hertogh-eS6rqvLx7o0-unsplash-1024x576.jpg 1024w, https://blog.infoempresa.com\/wp-content\/uploads\/2023\/11\/tomas-hertogh-eS6rqvLx7o0-unsplash-768x432.jpg 768w, https://blog.infoempresa.com\/wp-content\/uploads\/2023\/11\/tomas-hertogh-eS6rqvLx7o0-unsplash-1536x864.jpg 1536w, https://blog.infoempresa.com\/wp-content\/uploads\/2023\/11\/tomas-hertogh-eS6rqvLx7o0-unsplash-2048x1152.jpg 2048w, https://blog.infoempresa.com\/wp-content\/uploads\/2023\/11\/tomas-hertogh-eS6rqvLx7o0-unsplash-1736x977.jpg 1736w\" sizes=\"(max-width: 300px) 100vw, 300px\" \/>","1536x1536":"<img width=\"1536\" height=\"864\" src=\"https://blog.infoempresa.com\/wp-content\/uploads\/2023\/11\/tomas-hertogh-eS6rqvLx7o0-unsplash-1536x864.jpg\" class=\"attachment-1536x1536 size-1536x1536 wp-post-image\" alt=\"\" decoding=\"async\" loading=\"lazy\" srcset=\"https://blog.infoempresa.com\/wp-content\/uploads\/2023\/11\/tomas-hertogh-eS6rqvLx7o0-unsplash-1536x864.jpg 1536w, https://blog.infoempresa.com\/wp-content\/uploads\/2023\/11\/tomas-hertogh-eS6rqvLx7o0-unsplash-300x169.jpg 300w, https://blog.infoempresa.com\/wp-content\/uploads\/2023\/11\/tomas-hertogh-eS6rqvLx7o0-unsplash-1024x576.jpg 1024w, https://blog.infoempresa.com\/wp-content\/uploads\/2023\/11\/tomas-hertogh-eS6rqvLx7o0-unsplash-768x432.jpg 768w, https://blog.infoempresa.com\/wp-content\/uploads\/2023\/11\/tomas-hertogh-eS6rqvLx7o0-unsplash-2048x1152.jpg 2048w, https://blog.infoempresa.com\/wp-content\/uploads\/2023\/11\/tomas-hertogh-eS6rqvLx7o0-unsplash-1736x977.jpg 1736w\" sizes=\"(max-width: 1536px) 100vw, 1536px\" \/>","2048x2048":"<img width=\"2048\" height=\"1152\" src=\"https://blog.infoempresa.com\/wp-content\/uploads\/2023\/11\/tomas-hertogh-eS6rqvLx7o0-unsplash-2048x1152.jpg\" class=\"attachment-2048x2048 size-2048x2048 wp-post-image\" alt=\"\" decoding=\"async\" loading=\"lazy\" srcset=\"https://blog.infoempresa.com\/wp-content\/uploads\/2023\/11\/tomas-hertogh-eS6rqvLx7o0-unsplash-2048x1152.jpg 2048w, https://blog.infoempresa.com\/wp-content\/uploads\/2023\/11\/tomas-hertogh-eS6rqvLx7o0-unsplash-300x169.jpg 300w, https://blog.infoempresa.com\/wp-content\/uploads\/2023\/11\/tomas-hertogh-eS6rqvLx7o0-unsplash-1024x576.jpg 1024w, https://blog.infoempresa.com\/wp-content\/uploads\/2023\/11\/tomas-hertogh-eS6rqvLx7o0-unsplash-768x432.jpg 768w, https://blog.infoempresa.com\/wp-content\/uploads\/2023\/11\/tomas-hertogh-eS6rqvLx7o0-unsplash-1536x864.jpg 1536w, https://blog.infoempresa.com\/wp-content\/uploads\/2023\/11\/tomas-hertogh-eS6rqvLx7o0-unsplash-1736x977.jpg 1736w\" sizes=\"(max-width: 2048px) 100vw, 2048px\" \/>","landscape":"<img width=\"1200\" height=\"800\" src=\"https://blog.infoempresa.com\/wp-content\/uploads\/2023\/11\/tomas-hertogh-eS6rqvLx7o0-unsplash-1200x800.jpg\" class=\"attachment-landscape size-landscape wp-post-image\" alt=\"\" decoding=\"async\" loading=\"lazy\" srcset=\"https://blog.infoempresa.com\/wp-content\/uploads\/2023\/11\/tomas-hertogh-eS6rqvLx7o0-unsplash-1200x800.jpg 1200w, https://blog.infoempresa.com\/wp-content\/uploads\/2023\/11\/tomas-hertogh-eS6rqvLx7o0-unsplash-600x400.jpg 600w\" sizes=\"(max-width: 1200px) 100vw, 1200px\" \/>","square":"<img width=\"1200\" height=\"1200\" src=\"https://blog.infoempresa.com\/wp-content\/uploads\/2023\/11\/tomas-hertogh-eS6rqvLx7o0-unsplash-1200x1200.jpg\" class=\"attachment-square size-square wp-post-image\" alt=\"\" decoding=\"async\" loading=\"lazy\" srcset=\"https://blog.infoempresa.com\/wp-content\/uploads\/2023\/11\/tomas-hertogh-eS6rqvLx7o0-unsplash-1200x1200.jpg 1200w, https://blog.infoempresa.com\/wp-content\/uploads\/2023\/11\/tomas-hertogh-eS6rqvLx7o0-unsplash-150x150.jpg 150w, https://blog.infoempresa.com\/wp-content\/uploads\/2023\/11\/tomas-hertogh-eS6rqvLx7o0-unsplash-600x600.jpg 600w\" sizes=\"(max-width: 1200px) 100vw, 1200px\" \/>","portrait":"<img width=\"1200\" height=\"1800\" src=\"https://blog.infoempresa.com\/wp-content\/uploads\/2023\/11\/tomas-hertogh-eS6rqvLx7o0-unsplash-1200x1800.jpg\" class=\"attachment-portrait size-portrait wp-post-image\" alt=\"\" decoding=\"async\" loading=\"lazy\" srcset=\"https://blog.infoempresa.com\/wp-content\/uploads\/2023\/11\/tomas-hertogh-eS6rqvLx7o0-unsplash-1200x1800.jpg 1200w, https://blog.infoempresa.com\/wp-content\/uploads\/2023\/11\/tomas-hertogh-eS6rqvLx7o0-unsplash-600x900.jpg 600w\" sizes=\"(max-width: 1200px) 100vw, 1200px\" \/>","landscape_medium":"<img width=\"600\" height=\"400\" src=\"https://blog.infoempresa.com\/wp-content\/uploads\/2023\/11\/tomas-hertogh-eS6rqvLx7o0-unsplash-600x400.jpg\" class=\"attachment-landscape_medium size-landscape_medium wp-post-image\" alt=\"\" decoding=\"async\" loading=\"lazy\" srcset=\"https://blog.infoempresa.com\/wp-content\/uploads\/2023\/11\/tomas-hertogh-eS6rqvLx7o0-unsplash-600x400.jpg 600w, https://blog.infoempresa.com\/wp-content\/uploads\/2023\/11\/tomas-hertogh-eS6rqvLx7o0-unsplash-1200x800.jpg 1200w\" sizes=\"(max-width: 600px) 100vw, 600px\" \/>","portrait_medium":"<img width=\"600\" height=\"900\" src=\"https://blog.infoempresa.com\/wp-content\/uploads\/2023\/11\/tomas-hertogh-eS6rqvLx7o0-unsplash-600x900.jpg\" class=\"attachment-portrait_medium size-portrait_medium wp-post-image\" alt=\"\" decoding=\"async\" loading=\"lazy\" srcset=\"https://blog.infoempresa.com\/wp-content\/uploads\/2023\/11\/tomas-hertogh-eS6rqvLx7o0-unsplash-600x900.jpg 600w, https://blog.infoempresa.com\/wp-content\/uploads\/2023\/11\/tomas-hertogh-eS6rqvLx7o0-unsplash-1200x1800.jpg 1200w\" sizes=\"(max-width: 600px) 100vw, 600px\" \/>","square_medium":"<img width=\"600\" height=\"600\" src=\"https://blog.infoempresa.com\/wp-content\/uploads\/2023\/11\/tomas-hertogh-eS6rqvLx7o0-unsplash-600x600.jpg\" class=\"attachment-square_medium size-square_medium wp-post-image\" alt=\"\" decoding=\"async\" loading=\"lazy\" srcset=\"https://blog.infoempresa.com\/wp-content\/uploads\/2023\/11\/tomas-hertogh-eS6rqvLx7o0-unsplash-600x600.jpg 600w, https://blog.infoempresa.com\/wp-content\/uploads\/2023\/11\/tomas-hertogh-eS6rqvLx7o0-unsplash-150x150.jpg 150w, https://blog.infoempresa.com\/wp-content\/uploads\/2023\/11\/tomas-hertogh-eS6rqvLx7o0-unsplash-1200x1200.jpg 1200w\" sizes=\"(max-width: 600px) 100vw, 600px\" \/>","sarmaya-featured-image":"<img width=\"1736\" height=\"977\" src=\"https://blog.infoempresa.com\/wp-content\/uploads\/2023\/11\/tomas-hertogh-eS6rqvLx7o0-unsplash-1736x977.jpg\" class=\"attachment-sarmaya-featured-image size-sarmaya-featured-image wp-post-image\" alt=\"\" decoding=\"async\" loading=\"lazy\" srcset=\"https://blog.infoempresa.com\/wp-content\/uploads\/2023\/11\/tomas-hertogh-eS6rqvLx7o0-unsplash-1736x977.jpg 1736w, https://blog.infoempresa.com\/wp-content\/uploads\/2023\/11\/tomas-hertogh-eS6rqvLx7o0-unsplash-300x169.jpg 300w, https://blog.infoempresa.com\/wp-content\/uploads\/2023\/11\/tomas-hertogh-eS6rqvLx7o0-unsplash-1024x576.jpg 1024w, https://blog.infoempresa.com\/wp-content\/uploads\/2023\/11\/tomas-hertogh-eS6rqvLx7o0-unsplash-768x432.jpg 768w, https://blog.infoempresa.com\/wp-content\/uploads\/2023\/11\/tomas-hertogh-eS6rqvLx7o0-unsplash-1536x864.jpg 1536w, https://blog.infoempresa.com\/wp-content\/uploads\/2023\/11\/tomas-hertogh-eS6rqvLx7o0-unsplash-2048x1152.jpg 2048w\" sizes=\"(max-width: 1736px) 100vw, 1736px\" \/>"}},"published_date":"Juli 23, 2024","comments_number":"0 Comment","_links":{"self":[{"href":"https://blog.infoempresa.com\/de\/wp-json\/wp\/v2\/posts\/45504"}],"collection":[{"href":"https://blog.infoempresa.com\/de\/wp-json\/wp\/v2\/posts"}],"about":[{"href":"https://blog.infoempresa.com\/de\/wp-json\/wp\/v2\/types\/post"}],"author":[{"embeddable":true,"href":"https://blog.infoempresa.com\/de\/wp-json\/wp\/v2\/users\/1"}],"replies":[{"embeddable":true,"href":"https://blog.infoempresa.com\/de\/wp-json\/wp\/v2\/comments?post=45504"}],"version-history":[{"count":0,"href":"https://blog.infoempresa.com\/de\/wp-json\/wp\/v2\/posts\/45504\/revisions"}],"wp:featuredmedia":[{"embeddable":true,"href":"https://blog.infoempresa.com\/de\/wp-json\/wp\/v2\/media\/3205"}],"wp:attachment":[{"href":"https://blog.infoempresa.com\/de\/wp-json\/wp\/v2\/media?parent=45504"}],"wp:term":[{"taxonomy":"category","embeddable":true,"href":"https://blog.infoempresa.com\/de\/wp-json\/wp\/v2\/categories?post=45504"},{"taxonomy":"post_tag","embeddable":true,"href":"https://blog.infoempresa.com\/de\/wp-json\/wp\/v2\/tags?post=45504"}],"curies":[{"name":"wp","href":"https:\/\/api.w.org\/{rel}","templated":true}]}}