{"id":61304,"date":"2025-04-22T07:45:04","date_gmt":"2025-04-22T07:45:04","guid":{"rendered":"https://blog.infoempresa.com\/?p=61304"},"modified":"2025-04-22T07:45:04","modified_gmt":"2025-04-22T07:45:04","slug":"hacia-costas-ms-sostenibles-informe-de-la-economa-azul-en-espaa","status":"publish","type":"post","link":"https://blog.infoempresa.com\/de\/hacia-costas-ms-sostenibles-informe-de-la-economa-azul-en-espaa\/","title":{"rendered":"Auf dem Weg zu nachhaltigeren K\u00fcsten: Bericht \u00fcber die blaue Wirtschaft in Spanien"},"content":{"rendered":"\t\t<div data-elementor-type=\"wp-post\" data-elementor-id=\"61304\" class=\"elementor elementor-61304\">\n\t\t\t\t\t\t\t\t\t<section class=\"elementor-section elementor-top-section elementor-element elementor-element-9f28350 elementor-section-boxed elementor-section-height-default elementor-section-height-default\" data-id=\"9f28350\" data-element_type=\"section\">\n\t\t\t\t\t\t<div class=\"elementor-container elementor-column-gap-default\">\n\t\t\t\t\t<div class=\"elementor-column elementor-col-100 elementor-top-column elementor-element elementor-element-dbc7c55\" data-id=\"dbc7c55\" data-element_type=\"column\">\n\t\t\t<div class=\"elementor-widget-wrap elementor-element-populated\">\n\t\t\t\t\t\t\t\t<div class=\"elementor-element elementor-element-126d01d elementor-widget elementor-widget-text-editor\" data-id=\"126d01d\" data-element_type=\"widget\" data-widget_type=\"text-editor.default\">\n\t\t\t\t<div class=\"elementor-widget-container\">\n\t\t\t<style>\/*! elementor - v3.17.0 - 01-11-2023 *\/\n.elementor-widget-text-editor.elementor-drop-cap-view-stacked .elementor-drop-cap{background-color:#69727d;color:#fff}.elementor-widget-text-editor.elementor-drop-cap-view-framed .elementor-drop-cap{color:#69727d;border:3px solid;background-color:transparent}.elementor-widget-text-editor:not(.elementor-drop-cap-view-default) .elementor-drop-cap{margin-top:8px}.elementor-widget-text-editor:not(.elementor-drop-cap-view-default) .elementor-drop-cap-letter{width:1em;height:1em}.elementor-widget-text-editor .elementor-drop-cap{float:left;text-align:center;line-height:1;font-size:50px}.elementor-widget-text-editor .elementor-drop-cap-letter{display:inline-block}<\/style>\t\t\t\t<p> <span style=\"font-weight: 400;\">Spanien, mit mehr als 8.000 Kilometern K\u00fcste und einer wichtigen geostrategischen Position im Atlantik und im Mittelmeer, gilt als eine Macht in der blauen Wirtschaft, einem Modell, das die nachhaltige Nutzung der Meeresressourcen f\u00f6rdert, um Wirtschaftswachstum, Innovation und Umweltschutz anzukurbeln<\/span>. <\/p> <p> <span style=\"font-weight: 400;\">Laut dem spanischen Meerescluster macht dieser Sektor bereits rund 2,3% des nationalen BIP aus und generiert mehr als 691.000 Arbeitspl\u00e4tze, darunter Branchen wie Fischerei, K\u00fcstentourismus, Aquakultur, erneuerbare Meeresenergie und blaue Biotechnologie.<\/span> <\/p>\t\t\t\t\t\t<\/div>\n\t\t\t\t<\/div>\n\t\t\t\t\t<\/div>\n\t\t<\/div>\n\t\t\t\t\t\t\t<\/div>\n\t\t<\/section>\n\t\t\t\t<section class=\"elementor-section elementor-top-section elementor-element elementor-element-580c13b elementor-section-boxed elementor-section-height-default elementor-section-height-default\" data-id=\"580c13b\" data-element_type=\"section\">\n\t\t\t\t\t\t<div class=\"elementor-container elementor-column-gap-default\">\n\t\t\t\t\t<div class=\"elementor-column elementor-col-100 elementor-top-column elementor-element elementor-element-3310ac0\" data-id=\"3310ac0\" data-element_type=\"column\">\n\t\t\t<div class=\"elementor-widget-wrap elementor-element-populated\">\n\t\t\t\t\t\t\t\t<div class=\"elementor-element elementor-element-1bb7727 elementor-widget elementor-widget-text-editor\" data-id=\"1bb7727\" data-element_type=\"widget\" data-widget_type=\"text-editor.default\">\n\t\t\t\t<div class=\"elementor-widget-container\">\n\t\t\t\t\t\t\t<p> <span style=\"font-weight: 400;\">Wie <a href=\"https:\/\/www.elestrechodigital.com\/2025\/02\/10\/el-cluster-maritimo-espanol-destaca-el-potencial-de-la-economia-azul-en-espana\/\" target=\"_blank\" rel=\"noopener\"><span style=\"font-weight: 400;\">El Estrecho Digital<\/span><\/a> hervorhob<\/span>, <span style=\"font-weight: 400;\">verf\u00fcgt Spanien \u00fcber ein enormes ungenutztes Potenzial, insbesondere in Bereichen wie Offshore-Windenergie, intelligente Entsalzung und den Wirtschaftskreislauf, der auf das Meer angewendet wird. Um diese Chancen nutzen zu k\u00f6nnen, m\u00fcssen jedoch Herausforderungen wie die Fragmentierung der Regulierungsvorschriften, Investitionen in F+E+i und die Koordination zwischen den autonomen Gemeinschaften bew\u00e4ltigt<\/span> werden. <\/p>\t\t\t\t\t\t<\/div>\n\t\t\t\t<\/div>\n\t\t\t\t\t<\/div>\n\t\t<\/div>\n\t\t\t\t\t\t\t<\/div>\n\t\t<\/section>\n\t\t\t\t<section class=\"elementor-section elementor-top-section elementor-element elementor-element-dd200fe elementor-section-boxed elementor-section-height-default elementor-section-height-default\" data-id=\"dd200fe\" data-element_type=\"section\">\n\t\t\t\t\t\t<div class=\"elementor-container elementor-column-gap-default\">\n\t\t\t\t\t<div class=\"elementor-column elementor-col-100 elementor-top-column elementor-element elementor-element-5b1a3d5\" data-id=\"5b1a3d5\" data-element_type=\"column\">\n\t\t\t<div class=\"elementor-widget-wrap elementor-element-populated\">\n\t\t\t\t\t\t\t\t<div class=\"elementor-element elementor-element-bc6b3c4 elementor-widget elementor-widget-heading\" data-id=\"bc6b3c4\" data-element_type=\"widget\" data-widget_type=\"heading.default\">\n\t\t\t\t<div class=\"elementor-widget-container\">\n\t\t\t<style>\/*! elementor - v3.17.0 - 01-11-2023 *\/\n.elementor-heading-title{padding:0;margin:0;line-height:1}.elementor-widget-heading .elementor-heading-title[class*=elementor-size-]>a{color:inherit;font-size:inherit;line-height:inherit}.elementor-widget-heading .elementor-heading-title.elementor-size-small{font-size:15px}.elementor-widget-heading .elementor-heading-title.elementor-size-medium{font-size:19px}.elementor-widget-heading .elementor-heading-title.elementor-size-large{font-size:29px}.elementor-widget-heading .elementor-heading-title.elementor-size-xl{font-size:39px}.elementor-widget-heading .elementor-heading-title.elementor-size-xxl{font-size:59px}<\/style><h2 class=\"elementor-heading-title elementor-size-default\">Galicien: F\u00fchrend in Fischerei und Aquakultur<\/h2>\t\t<\/div>\n\t\t\t\t<\/div>\n\t\t\t\t\t<\/div>\n\t\t<\/div>\n\t\t\t\t\t\t\t<\/div>\n\t\t<\/section>\n\t\t\t\t<section class=\"elementor-section elementor-top-section elementor-element elementor-element-fd635fd elementor-section-boxed elementor-section-height-default elementor-section-height-default\" data-id=\"fd635fd\" data-element_type=\"section\">\n\t\t\t\t\t\t<div class=\"elementor-container elementor-column-gap-default\">\n\t\t\t\t\t<div class=\"elementor-column elementor-col-100 elementor-top-column elementor-element elementor-element-2524f4e\" data-id=\"2524f4e\" data-element_type=\"column\">\n\t\t\t<div class=\"elementor-widget-wrap elementor-element-populated\">\n\t\t\t\t\t\t\t\t<div class=\"elementor-element elementor-element-857a674 elementor-widget elementor-widget-text-editor\" data-id=\"857a674\" data-element_type=\"widget\" data-widget_type=\"text-editor.default\">\n\t\t\t\t<div class=\"elementor-widget-container\">\n\t\t\t\t\t\t\t<p> <span style=\"font-weight: 400;\">Galicien ist die unangefochtene Macht der blauen Wirtschaft in Spanien. Die Meeresfischerei erwirtschaftet einen Anteil von mehr als 5% am BIP.<\/span> <a href=\"https:\/\/www.infoempresa.com\/es-es\/es\/empresa\/jealsa-foods-sa\"><span style=\"font-weight: 400;\">Unternehmen wie <a href=\"https:\/\/www.infoempresa.com\/es-es\/es\/empresa\/nueva-pescanova-sl\" target=\"_blank\" rel=\"noopener\"><span style=\"font-weight: 400;\">Nueva Pscanova<\/span><\/a> <span style=\"font-weight: 400;\">(ein f\u00fchrendes Unternehmen in der Aquakultur und Verarbeitung von Meeresfr\u00fcchten mit Innovationen im Bereich nachhaltiger Nutzpflanzen) und Grupo Jealsa (spezialisiert<\/span> auf Konserven und Fischprodukte) zeichnen sich durch ein starkes Engagement f\u00fcr die Kreislaufwirtschaft aus<\/span><\/a> <span style=\"font-weight: 400;\"> <\/span>Wirtschaft). <\/p>\t\t\t\t\t\t<\/div>\n\t\t\t\t<\/div>\n\t\t\t\t\t<\/div>\n\t\t<\/div>\n\t\t\t\t\t\t\t<\/div>\n\t\t<\/section>\n\t\t\t\t<section class=\"elementor-section elementor-top-section elementor-element elementor-element-516e8a6 elementor-section-boxed elementor-section-height-default elementor-section-height-default\" data-id=\"516e8a6\" data-element_type=\"section\">\n\t\t\t\t\t\t<div class=\"elementor-container elementor-column-gap-default\">\n\t\t\t\t\t<div class=\"elementor-column elementor-col-100 elementor-top-column elementor-element elementor-element-5d8eb24\" data-id=\"5d8eb24\" data-element_type=\"column\">\n\t\t\t<div class=\"elementor-widget-wrap elementor-element-populated\">\n\t\t\t\t\t\t\t\t<div class=\"elementor-element elementor-element-d59a5b6 elementor-widget elementor-widget-heading\" data-id=\"d59a5b6\" data-element_type=\"widget\" data-widget_type=\"heading.default\">\n\t\t\t\t<div class=\"elementor-widget-container\">\n\t\t\t<h2 class=\"elementor-heading-title elementor-size-default\">Andalusien: erneuerbare Energien<\/h2>\t\t<\/div>\n\t\t\t\t<\/div>\n\t\t\t\t\t<\/div>\n\t\t<\/div>\n\t\t\t\t\t\t\t<\/div>\n\t\t<\/section>\n\t\t\t\t<section class=\"elementor-section elementor-top-section elementor-element elementor-element-c57afb4 elementor-section-boxed elementor-section-height-default elementor-section-height-default\" data-id=\"c57afb4\" data-element_type=\"section\">\n\t\t\t\t\t\t<div class=\"elementor-container elementor-column-gap-default\">\n\t\t\t\t\t<div class=\"elementor-column elementor-col-100 elementor-top-column elementor-element elementor-element-71919e0\" data-id=\"71919e0\" data-element_type=\"column\">\n\t\t\t<div class=\"elementor-widget-wrap elementor-element-populated\">\n\t\t\t\t\t\t\t\t<div class=\"elementor-element elementor-element-e99e6fc elementor-widget elementor-widget-text-editor\" data-id=\"e99e6fc\" data-element_type=\"widget\" data-widget_type=\"text-editor.default\">\n\t\t\t\t<div class=\"elementor-widget-container\">\n\t\t\t\t\t\t\t<p> <span style=\"font-weight: 400;\">Andalusien zeichnet sich durch seine wirtschaftliche Diversifizierung im Zusammenhang mit dem Meer aus, von der Fischerei in der Meerenge bis zum K\u00fcstentourismus an der Costa del Sol und in<\/span> C\u00e1diz. <a href=\"https:\/\/www.infoempresa.com\/es-es\/es\/empresa\/enerocean-sl\" target=\"_blank\" rel=\"noopener\">Organisationen wie <a href=\"https:\/\/cepesca.es\/\" target=\"_blank\" rel=\"noopener\"><span style=\"font-weight: 400;\">CePesca<\/span><\/a> <span style=\"font-weight: 400;\">(ein f\u00fchrender Verband f\u00fcr nachhaltige Fischerei, der Projekte zur Reduzierung von R\u00fcckw\u00fcrfen und zur Verbesserung der Selektivit\u00e4t<\/span> durchf\u00fchrt) oder EnerOcean&#038; lt; \/span ><\/a> <span style=\"font-weight: 400;\"><span style=\"font-weight: 400;\">(ein Unternehmen, das innovative Technologien im Bereich der Wellenenergie entwickelt, d. h. auf der Grundlage von Wellen) Marktf\u00fchrer in der Branche.<\/span> <\/p>\t\t\t\t\t\t<\/div>\n\t\t\t\t<\/div>\n\t\t\t\t\t<\/div>\n\t\t<\/div>\n\t\t\t\t\t\t\t<\/div>\n\t\t<\/section>\n\t\t\t\t<section class=\"elementor-section elementor-top-section elementor-element elementor-element-1c3fd31 elementor-section-boxed elementor-section-height-default elementor-section-height-default\" data-id=\"1c3fd31\" data-element_type=\"section\">\n\t\t\t\t\t\t<div class=\"elementor-container elementor-column-gap-default\">\n\t\t\t\t\t<div class=\"elementor-column elementor-col-100 elementor-top-column elementor-element elementor-element-1197cce\" data-id=\"1197cce\" data-element_type=\"column\">\n\t\t\t<div class=\"elementor-widget-wrap elementor-element-populated\">\n\t\t\t\t\t\t\t\t<div class=\"elementor-element elementor-element-8241f1d elementor-widget elementor-widget-heading\" data-id=\"8241f1d\" data-element_type=\"widget\" data-widget_type=\"heading.default\">\n\t\t\t\t<div class=\"elementor-widget-container\">\n\t\t\t<h2 class=\"elementor-heading-title elementor-size-default\">Valencianische Gemeinschaft: nautischer Tourismus <\/h2>\t\t<\/div>\n\t\t\t\t<\/div>\n\t\t\t\t\t<\/div>\n\t\t<\/div>\n\t\t\t\t\t\t\t<\/div>\n\t\t<\/section>\n\t\t\t\t<section class=\"elementor-section elementor-top-section elementor-element elementor-element-f238e6c elementor-section-boxed elementor-section-height-default elementor-section-height-default\" data-id=\"f238e6c\" data-element_type=\"section\">\n\t\t\t\t\t\t<div class=\"elementor-container elementor-column-gap-default\">\n\t\t\t\t\t<div class=\"elementor-column elementor-col-100 elementor-top-column elementor-element elementor-element-a967369\" data-id=\"a967369\" data-element_type=\"column\">\n\t\t\t<div class=\"elementor-widget-wrap elementor-element-populated\">\n\t\t\t\t\t\t\t\t<div class=\"elementor-element elementor-element-613a259 elementor-widget elementor-widget-text-editor\" data-id=\"613a259\" data-element_type=\"widget\" data-widget_type=\"text-editor.default\">\n\t\t\t\t<div class=\"elementor-widget-container\">\n\t\t\t\t\t\t\t<p> <span style=\"font-weight: 400;\">Die valencianische Gemeinschaft verbindet einen starken K\u00fcstentourismus mit wachsender Aquakultur. Einige Unternehmen wie<\/span> <a href=\"https:\/\/www.valenciaport.com\/\" target=\"_blank\" rel=\"noopener\"><span style=\"font-weight: 400;\">Valenciaport<\/span><\/a> <span style=\"font-weight: 400;\">(ein Pionierhafen f\u00fcr Digitalisierung und gr\u00fcne Logistik) sind Vorreiter in der Branche<\/span>. <\/p>\t\t\t\t\t\t<\/div>\n\t\t\t\t<\/div>\n\t\t\t\t\t<\/div>\n\t\t<\/div>\n\t\t\t\t\t\t\t<\/div>\n\t\t<\/section>\n\t\t\t\t<section class=\"elementor-section elementor-top-section elementor-element elementor-element-c0b82a8 elementor-section-boxed elementor-section-height-default elementor-section-height-default\" data-id=\"c0b82a8\" data-element_type=\"section\">\n\t\t\t\t\t\t<div class=\"elementor-container elementor-column-gap-default\">\n\t\t\t\t\t<div class=\"elementor-column elementor-col-100 elementor-top-column elementor-element elementor-element-8e17092\" data-id=\"8e17092\" data-element_type=\"column\">\n\t\t\t<div class=\"elementor-widget-wrap elementor-element-populated\">\n\t\t\t\t\t\t\t\t<div class=\"elementor-element elementor-element-a5a464d elementor-widget elementor-widget-heading\" data-id=\"a5a464d\" data-element_type=\"widget\" data-widget_type=\"heading.default\">\n\t\t\t\t<div class=\"elementor-widget-container\">\n\t\t\t<h2 class=\"elementor-heading-title elementor-size-default\">Kanarische Inseln: Innovation in der Biotechnologie<\/h2>\t\t<\/div>\n\t\t\t\t<\/div>\n\t\t\t\t\t<\/div>\n\t\t<\/div>\n\t\t\t\t\t\t\t<\/div>\n\t\t<\/section>\n\t\t\t\t<section class=\"elementor-section elementor-top-section elementor-element elementor-element-07e7f7f elementor-section-boxed elementor-section-height-default elementor-section-height-default\" data-id=\"07e7f7f\" data-element_type=\"section\">\n\t\t\t\t\t\t<div class=\"elementor-container elementor-column-gap-default\">\n\t\t\t\t\t<div class=\"elementor-column elementor-col-100 elementor-top-column elementor-element elementor-element-6263227\" data-id=\"6263227\" data-element_type=\"column\">\n\t\t\t<div class=\"elementor-widget-wrap elementor-element-populated\">\n\t\t\t\t\t\t\t\t<div class=\"elementor-element elementor-element-01014fd elementor-widget elementor-widget-text-editor\" data-id=\"01014fd\" data-element_type=\"widget\" data-widget_type=\"text-editor.default\">\n\t\t\t\t<div class=\"elementor-widget-container\">\n\t\t\t\t\t\t\t<p> <span style=\"font-weight: 400;\">Die Kanarischen Inseln sind ein nat\u00fcrliches Labor f\u00fcr die blaue Wirtschaft<\/span>. <\/span><a href=\"https:\/\/www.infoempresa.com\/es-es\/es\/empresa\/instituto-tecnologico-de-canarias-sa\" target=\"_blank\" rel=\"noopener\">Zu den bekanntesten Unternehmen geh\u00f6ren <a href=\"https:\/\/oceanwinds.com.es\/\" target=\"_blank\" rel=\"noopener\"><span style=\"font-weight: 400;\">Ocean Winds<\/span><\/a> <span style=\"font-weight: 400;\">(ein Joint Venture, das das schwimmende Offshore-Windprojekt auf Gran Canaria entwickelt)<\/span> oder <span style =\"font-weight: 400; \u201e>Instituto Tecnol\u00f3gico<\/a> <span style=\"font-weight: 400;\">de Canarias (ein f\u00fchrendes Unternehmen im Bereich Entsalzung mit erneuerbaren Energien) und Meeresbiotechnologie).<\/span> <\/p>\t\t\t\t\t\t<\/div>\n\t\t\t\t<\/div>\n\t\t\t\t\t<\/div>\n\t\t<\/div>\n\t\t\t\t\t\t\t<\/div>\n\t\t<\/section>\n\t\t\t\t<section class=\"elementor-section elementor-top-section elementor-element elementor-element-60b1c31 elementor-section-boxed elementor-section-height-default elementor-section-height-default\" data-id=\"60b1c31\" data-element_type=\"section\">\n\t\t\t\t\t\t<div class=\"elementor-container elementor-column-gap-default\">\n\t\t\t\t\t<div class=\"elementor-column elementor-col-100 elementor-top-column elementor-element elementor-element-932fd48\" data-id=\"932fd48\" data-element_type=\"column\">\n\t\t\t<div class=\"elementor-widget-wrap elementor-element-populated\">\n\t\t\t\t\t\t\t\t<div class=\"elementor-element elementor-element-773088e elementor-widget elementor-widget-heading\" data-id=\"773088e\" data-element_type=\"widget\" data-widget_type=\"heading.default\">\n\t\t\t\t<div class=\"elementor-widget-container\">\n\t\t\t<h2 class=\"elementor-heading-title elementor-size-default\">Katalonien: Hafenindustrie und Kreislaufwirtschaft<\/h2>\t\t<\/div>\n\t\t\t\t<\/div>\n\t\t\t\t\t<\/div>\n\t\t<\/div>\n\t\t\t\t\t\t\t<\/div>\n\t\t<\/section>\n\t\t\t\t<section class=\"elementor-section elementor-top-section elementor-element elementor-element-9b85580 elementor-section-boxed elementor-section-height-default elementor-section-height-default\" data-id=\"9b85580\" data-element_type=\"section\">\n\t\t\t\t\t\t<div class=\"elementor-container elementor-column-gap-default\">\n\t\t\t\t\t<div class=\"elementor-column elementor-col-100 elementor-top-column elementor-element elementor-element-2c57beb\" data-id=\"2c57beb\" data-element_type=\"column\">\n\t\t\t<div class=\"elementor-widget-wrap elementor-element-populated\">\n\t\t\t\t\t\t\t\t<div class=\"elementor-element elementor-element-619aa24 elementor-widget elementor-widget-text-editor\" data-id=\"619aa24\" data-element_type=\"widget\" data-widget_type=\"text-editor.default\">\n\t\t\t\t<div class=\"elementor-widget-container\">\n\t\t\t\t\t\t\t<p> <span style=\"font-weight: 400;\">Katalonien hat eines der am st\u00e4rksten frequentierten Hafensysteme in Spanien. Barcelona Ocean (Innovationszentrum in der blauen Wirtschaft mit Startups zur Meeres\u00fcberwachung) oder<\/span> <a href=\"https:\/\/eurecat.org\/home\/es\/\" target=\"_blank\" rel=\"noopener\"><span style=\"font-weight: 400;\">Eurecat<\/span><\/a> <span style=\"font-weight: 400;\">(ein Technologiezentrum, das Biokunststoffe aus Meeresabf\u00e4llen entwickelt) sind einige Beispiele f\u00fcr<\/span> f\u00fchrende Unternehmen der Branche. <\/p>\t\t\t\t\t\t<\/div>\n\t\t\t\t<\/div>\n\t\t\t\t\t<\/div>\n\t\t<\/div>\n\t\t\t\t\t\t\t<\/div>\n\t\t<\/section>\n\t\t\t\t<section class=\"elementor-section elementor-top-section elementor-element elementor-element-d5f7a0d elementor-section-boxed elementor-section-height-default elementor-section-height-default\" data-id=\"d5f7a0d\" data-element_type=\"section\">\n\t\t\t\t\t\t<div class=\"elementor-container elementor-column-gap-default\">\n\t\t\t\t\t<div class=\"elementor-column elementor-col-100 elementor-top-column elementor-element elementor-element-21f38c5\" data-id=\"21f38c5\" data-element_type=\"column\">\n\t\t\t<div class=\"elementor-widget-wrap elementor-element-populated\">\n\t\t\t\t\t\t\t\t<div class=\"elementor-element elementor-element-dbc52d9 elementor-widget elementor-widget-heading\" data-id=\"dbc52d9\" data-element_type=\"widget\" data-widget_type=\"heading.default\">\n\t\t\t\t<div class=\"elementor-widget-container\">\n\t\t\t<h2 class=\"elementor-heading-title elementor-size-default\">Als Endpunkt<\/h2>\t\t<\/div>\n\t\t\t\t<\/div>\n\t\t\t\t\t<\/div>\n\t\t<\/div>\n\t\t\t\t\t\t\t<\/div>\n\t\t<\/section>\n\t\t\t\t<section class=\"elementor-section elementor-top-section elementor-element elementor-element-3ac43ce elementor-section-boxed elementor-section-height-default elementor-section-height-default\" data-id=\"3ac43ce\" data-element_type=\"section\">\n\t\t\t\t\t\t<div class=\"elementor-container elementor-column-gap-default\">\n\t\t\t\t\t<div class=\"elementor-column elementor-col-100 elementor-top-column elementor-element elementor-element-9435387\" data-id=\"9435387\" data-element_type=\"column\">\n\t\t\t<div class=\"elementor-widget-wrap elementor-element-populated\">\n\t\t\t\t\t\t\t\t<div class=\"elementor-element elementor-element-ad25de3 elementor-widget elementor-widget-text-editor\" data-id=\"ad25de3\" data-element_type=\"widget\" data-widget_type=\"text-editor.default\">\n\t\t\t\t<div class=\"elementor-widget-container\">\n\t\t\t\t\t\t\t<p> <span style=\"font-weight: 400;\">Spanien ist ein wichtiger Akteur bei der Entwicklung der blauen Wirtschaft, einem Sektor, der durch seine riesigen Meeresressourcen und die F\u00f6rderung innovativer Industrien Wirtschaftswachstum und \u00f6kologische Nachhaltigkeit miteinander verbindet<\/span>. <\/p> <p> <span style=\"font-weight: 400;\">Die Zukunft der blauen Wirtschaft in Spanien wird jedoch von ihrer F\u00e4higkeit abh\u00e4ngen, Wettbewerbsf\u00e4higkeit und Umweltschutz in Einklang zu bringen und so ein widerstandsf\u00e4higes Wirtschaftsmodell zu gew\u00e4hrleisten, das sowohl gegenw\u00e4rtigen als auch zuk\u00fcnftigen Generationen zugute kommt. Mit einer koordinierten nationalen Strategie und dem kontinuierlichen Engagement wegweisender Unternehmen hat Spanien die M\u00f6glichkeit, zu einem europ\u00e4ischen Ma\u00dfstab f\u00fcr eine wirklich nachhaltige und innovative blaue Wirtschaft zu werden<\/span>. <\/p>\t\t\t\t\t\t<\/div>\n\t\t\t\t<\/div>\n\t\t\t\t\t<\/div>\n\t\t<\/div>\n\t\t\t\t\t\t\t<\/div>\n\t\t<\/section>\n\t\t\t\t\t\t\t<\/div>\n\t\t","protected":false},"excerpt":{"rendered":"<p>Nach Angaben des spanischen Maritimen Clusters macht die spanische blaue Wirtschaft rund 2,3% des nationalen BIP aus und schafft mehr als 691.000 Arbeitspl\u00e4tze.<\/p>\n","protected":false},"author":1,"featured_media":60766,"comment_status":"open","ping_status":"open","sticky":false,"template":"","format":"standard","meta":{"footnotes":""},"categories":[2,1],"tags":[],"post_class":"clearfix post-61304 post type-post status-publish format-standard has-post-thumbnail hentry category-business category-sin-categorizar entry","author_meta":{"name":"blog_infoempr","url":"https://blog.infoempresa.com\/de\/author\/blog_infoempr\/"},"category_list":"<a href=\"https://blog.infoempresa.com\/es\/category\/business\/\" rel=\"category tag\">Business<\/a>&nbsp;<a href=\"https://blog.infoempresa.com\/en\/category\/sin-categorizar\/\" rel=\"category tag\">Sin categorizar<\/a>","featured_image":{"source_url":"<img width=\"2560\" height=\"1714\" src=\"https://blog.infoempresa.com\/wp-content\/uploads\/2025\/04\/pexels-da-na-461418424-31671000-scaled.jpg\" class=\"attachment-post-thumbnail size-post-thumbnail wp-post-image\" alt=\"\" decoding=\"async\" loading=\"lazy\" srcset=\"https://blog.infoempresa.com\/wp-content\/uploads\/2025\/04\/pexels-da-na-461418424-31671000-scaled.jpg 2560w, https://blog.infoempresa.com\/wp-content\/uploads\/2025\/04\/pexels-da-na-461418424-31671000-300x201.jpg 300w, https://blog.infoempresa.com\/wp-content\/uploads\/2025\/04\/pexels-da-na-461418424-31671000-1024x685.jpg 1024w, https://blog.infoempresa.com\/wp-content\/uploads\/2025\/04\/pexels-da-na-461418424-31671000-768x514.jpg 768w, https://blog.infoempresa.com\/wp-content\/uploads\/2025\/04\/pexels-da-na-461418424-31671000-1536x1028.jpg 1536w, https://blog.infoempresa.com\/wp-content\/uploads\/2025\/04\/pexels-da-na-461418424-31671000-2048x1371.jpg 2048w, https://blog.infoempresa.com\/wp-content\/uploads\/2025\/04\/pexels-da-na-461418424-31671000-1736x1162.jpg 1736w\" sizes=\"(max-width: 2560px) 100vw, 2560px\" \/>","sizes":{"thumbnail":"<img width=\"150\" height=\"150\" src=\"https://blog.infoempresa.com\/wp-content\/uploads\/2025\/04\/pexels-da-na-461418424-31671000-150x150.jpg\" class=\"attachment-thumbnail size-thumbnail wp-post-image\" alt=\"\" decoding=\"async\" loading=\"lazy\" srcset=\"https://blog.infoempresa.com\/wp-content\/uploads\/2025\/04\/pexels-da-na-461418424-31671000-150x150.jpg 150w, https://blog.infoempresa.com\/wp-content\/uploads\/2025\/04\/pexels-da-na-461418424-31671000-1200x1200.jpg 1200w, https://blog.infoempresa.com\/wp-content\/uploads\/2025\/04\/pexels-da-na-461418424-31671000-600x600.jpg 600w\" sizes=\"(max-width: 150px) 100vw, 150px\" \/>","medium":"<img width=\"300\" height=\"201\" src=\"https://blog.infoempresa.com\/wp-content\/uploads\/2025\/04\/pexels-da-na-461418424-31671000-300x201.jpg\" class=\"attachment-medium size-medium wp-post-image\" alt=\"\" decoding=\"async\" loading=\"lazy\" srcset=\"https://blog.infoempresa.com\/wp-content\/uploads\/2025\/04\/pexels-da-na-461418424-31671000-300x201.jpg 300w, https://blog.infoempresa.com\/wp-content\/uploads\/2025\/04\/pexels-da-na-461418424-31671000-1024x685.jpg 1024w, https://blog.infoempresa.com\/wp-content\/uploads\/2025\/04\/pexels-da-na-461418424-31671000-768x514.jpg 768w, https://blog.infoempresa.com\/wp-content\/uploads\/2025\/04\/pexels-da-na-461418424-31671000-1536x1028.jpg 1536w, https://blog.infoempresa.com\/wp-content\/uploads\/2025\/04\/pexels-da-na-461418424-31671000-2048x1371.jpg 2048w, https://blog.infoempresa.com\/wp-content\/uploads\/2025\/04\/pexels-da-na-461418424-31671000-1200x800.jpg 1200w, https://blog.infoempresa.com\/wp-content\/uploads\/2025\/04\/pexels-da-na-461418424-31671000-600x400.jpg 600w, https://blog.infoempresa.com\/wp-content\/uploads\/2025\/04\/pexels-da-na-461418424-31671000-1736x1162.jpg 1736w\" sizes=\"(max-width: 300px) 100vw, 300px\" \/>","medium_large":"<img width=\"700\" height=\"468\" src=\"https://blog.infoempresa.com\/wp-content\/uploads\/2025\/04\/pexels-da-na-461418424-31671000-768x514.jpg\" class=\"attachment-medium_large size-medium_large wp-post-image\" alt=\"\" decoding=\"async\" loading=\"lazy\" srcset=\"https://blog.infoempresa.com\/wp-content\/uploads\/2025\/04\/pexels-da-na-461418424-31671000-768x514.jpg 768w, https://blog.infoempresa.com\/wp-content\/uploads\/2025\/04\/pexels-da-na-461418424-31671000-300x201.jpg 300w, https://blog.infoempresa.com\/wp-content\/uploads\/2025\/04\/pexels-da-na-461418424-31671000-1024x685.jpg 1024w, https://blog.infoempresa.com\/wp-content\/uploads\/2025\/04\/pexels-da-na-461418424-31671000-1536x1028.jpg 1536w, https://blog.infoempresa.com\/wp-content\/uploads\/2025\/04\/pexels-da-na-461418424-31671000-2048x1371.jpg 2048w, https://blog.infoempresa.com\/wp-content\/uploads\/2025\/04\/pexels-da-na-461418424-31671000-1200x800.jpg 1200w, https://blog.infoempresa.com\/wp-content\/uploads\/2025\/04\/pexels-da-na-461418424-31671000-600x400.jpg 600w, https://blog.infoempresa.com\/wp-content\/uploads\/2025\/04\/pexels-da-na-461418424-31671000-1736x1162.jpg 1736w\" sizes=\"(max-width: 700px) 100vw, 700px\" \/>","large":"<img width=\"700\" height=\"468\" src=\"https://blog.infoempresa.com\/wp-content\/uploads\/2025\/04\/pexels-da-na-461418424-31671000-1024x685.jpg\" class=\"attachment-large size-large wp-post-image\" alt=\"\" decoding=\"async\" loading=\"lazy\" srcset=\"https://blog.infoempresa.com\/wp-content\/uploads\/2025\/04\/pexels-da-na-461418424-31671000-1024x685.jpg 1024w, https://blog.infoempresa.com\/wp-content\/uploads\/2025\/04\/pexels-da-na-461418424-31671000-300x201.jpg 300w, https://blog.infoempresa.com\/wp-content\/uploads\/2025\/04\/pexels-da-na-461418424-31671000-768x514.jpg 768w, https://blog.infoempresa.com\/wp-content\/uploads\/2025\/04\/pexels-da-na-461418424-31671000-1536x1028.jpg 1536w, https://blog.infoempresa.com\/wp-content\/uploads\/2025\/04\/pexels-da-na-461418424-31671000-2048x1371.jpg 2048w, https://blog.infoempresa.com\/wp-content\/uploads\/2025\/04\/pexels-da-na-461418424-31671000-1200x800.jpg 1200w, https://blog.infoempresa.com\/wp-content\/uploads\/2025\/04\/pexels-da-na-461418424-31671000-600x400.jpg 600w, https://blog.infoempresa.com\/wp-content\/uploads\/2025\/04\/pexels-da-na-461418424-31671000-1736x1162.jpg 1736w\" sizes=\"(max-width: 700px) 100vw, 700px\" \/>","rss-image":"<img width=\"300\" height=\"201\" src=\"https://blog.infoempresa.com\/wp-content\/uploads\/2025\/04\/pexels-da-na-461418424-31671000-300x201.jpg\" class=\"attachment-rss-image size-rss-image wp-post-image\" alt=\"\" decoding=\"async\" loading=\"lazy\" srcset=\"https://blog.infoempresa.com\/wp-content\/uploads\/2025\/04\/pexels-da-na-461418424-31671000-300x201.jpg 300w, https://blog.infoempresa.com\/wp-content\/uploads\/2025\/04\/pexels-da-na-461418424-31671000-1024x685.jpg 1024w, https://blog.infoempresa.com\/wp-content\/uploads\/2025\/04\/pexels-da-na-461418424-31671000-768x514.jpg 768w, https://blog.infoempresa.com\/wp-content\/uploads\/2025\/04\/pexels-da-na-461418424-31671000-1536x1028.jpg 1536w, https://blog.infoempresa.com\/wp-content\/uploads\/2025\/04\/pexels-da-na-461418424-31671000-2048x1371.jpg 2048w, https://blog.infoempresa.com\/wp-content\/uploads\/2025\/04\/pexels-da-na-461418424-31671000-1200x800.jpg 1200w, https://blog.infoempresa.com\/wp-content\/uploads\/2025\/04\/pexels-da-na-461418424-31671000-600x400.jpg 600w, https://blog.infoempresa.com\/wp-content\/uploads\/2025\/04\/pexels-da-na-461418424-31671000-1736x1162.jpg 1736w\" sizes=\"(max-width: 300px) 100vw, 300px\" \/>","1536x1536":"<img width=\"1536\" height=\"1028\" src=\"https://blog.infoempresa.com\/wp-content\/uploads\/2025\/04\/pexels-da-na-461418424-31671000-1536x1028.jpg\" class=\"attachment-1536x1536 size-1536x1536 wp-post-image\" alt=\"\" decoding=\"async\" loading=\"lazy\" srcset=\"https://blog.infoempresa.com\/wp-content\/uploads\/2025\/04\/pexels-da-na-461418424-31671000-1536x1028.jpg 1536w, https://blog.infoempresa.com\/wp-content\/uploads\/2025\/04\/pexels-da-na-461418424-31671000-300x201.jpg 300w, https://blog.infoempresa.com\/wp-content\/uploads\/2025\/04\/pexels-da-na-461418424-31671000-1024x685.jpg 1024w, https://blog.infoempresa.com\/wp-content\/uploads\/2025\/04\/pexels-da-na-461418424-31671000-768x514.jpg 768w, https://blog.infoempresa.com\/wp-content\/uploads\/2025\/04\/pexels-da-na-461418424-31671000-2048x1371.jpg 2048w, https://blog.infoempresa.com\/wp-content\/uploads\/2025\/04\/pexels-da-na-461418424-31671000-1736x1162.jpg 1736w\" sizes=\"(max-width: 1536px) 100vw, 1536px\" \/>","2048x2048":"<img width=\"2048\" height=\"1371\" src=\"https://blog.infoempresa.com\/wp-content\/uploads\/2025\/04\/pexels-da-na-461418424-31671000-2048x1371.jpg\" class=\"attachment-2048x2048 size-2048x2048 wp-post-image\" alt=\"\" decoding=\"async\" loading=\"lazy\" srcset=\"https://blog.infoempresa.com\/wp-content\/uploads\/2025\/04\/pexels-da-na-461418424-31671000-2048x1371.jpg 2048w, https://blog.infoempresa.com\/wp-content\/uploads\/2025\/04\/pexels-da-na-461418424-31671000-300x201.jpg 300w, https://blog.infoempresa.com\/wp-content\/uploads\/2025\/04\/pexels-da-na-461418424-31671000-1024x685.jpg 1024w, https://blog.infoempresa.com\/wp-content\/uploads\/2025\/04\/pexels-da-na-461418424-31671000-768x514.jpg 768w, https://blog.infoempresa.com\/wp-content\/uploads\/2025\/04\/pexels-da-na-461418424-31671000-1536x1028.jpg 1536w, https://blog.infoempresa.com\/wp-content\/uploads\/2025\/04\/pexels-da-na-461418424-31671000-1736x1162.jpg 1736w\" sizes=\"(max-width: 2048px) 100vw, 2048px\" \/>","landscape":"<img width=\"1200\" height=\"800\" src=\"https://blog.infoempresa.com\/wp-content\/uploads\/2025\/04\/pexels-da-na-461418424-31671000-1200x800.jpg\" class=\"attachment-landscape size-landscape wp-post-image\" alt=\"\" decoding=\"async\" loading=\"lazy\" srcset=\"https://blog.infoempresa.com\/wp-content\/uploads\/2025\/04\/pexels-da-na-461418424-31671000-1200x800.jpg 1200w, https://blog.infoempresa.com\/wp-content\/uploads\/2025\/04\/pexels-da-na-461418424-31671000-300x201.jpg 300w, https://blog.infoempresa.com\/wp-content\/uploads\/2025\/04\/pexels-da-na-461418424-31671000-600x400.jpg 600w\" sizes=\"(max-width: 1200px) 100vw, 1200px\" \/>","square":"<img width=\"1200\" height=\"1200\" src=\"https://blog.infoempresa.com\/wp-content\/uploads\/2025\/04\/pexels-da-na-461418424-31671000-1200x1200.jpg\" class=\"attachment-square size-square wp-post-image\" alt=\"\" decoding=\"async\" loading=\"lazy\" srcset=\"https://blog.infoempresa.com\/wp-content\/uploads\/2025\/04\/pexels-da-na-461418424-31671000-1200x1200.jpg 1200w, https://blog.infoempresa.com\/wp-content\/uploads\/2025\/04\/pexels-da-na-461418424-31671000-150x150.jpg 150w, https://blog.infoempresa.com\/wp-content\/uploads\/2025\/04\/pexels-da-na-461418424-31671000-600x600.jpg 600w\" sizes=\"(max-width: 1200px) 100vw, 1200px\" \/>","portrait":"<img width=\"1200\" height=\"1800\" src=\"https://blog.infoempresa.com\/wp-content\/uploads\/2025\/04\/pexels-da-na-461418424-31671000-1200x1800.jpg\" class=\"attachment-portrait size-portrait wp-post-image\" alt=\"\" decoding=\"async\" loading=\"lazy\" srcset=\"https://blog.infoempresa.com\/wp-content\/uploads\/2025\/04\/pexels-da-na-461418424-31671000-1200x1800.jpg 1200w, https://blog.infoempresa.com\/wp-content\/uploads\/2025\/04\/pexels-da-na-461418424-31671000-600x900.jpg 600w\" sizes=\"(max-width: 1200px) 100vw, 1200px\" \/>","landscape_medium":"<img width=\"600\" height=\"400\" src=\"https://blog.infoempresa.com\/wp-content\/uploads\/2025\/04\/pexels-da-na-461418424-31671000-600x400.jpg\" class=\"attachment-landscape_medium size-landscape_medium wp-post-image\" alt=\"\" decoding=\"async\" loading=\"lazy\" srcset=\"https://blog.infoempresa.com\/wp-content\/uploads\/2025\/04\/pexels-da-na-461418424-31671000-600x400.jpg 600w, https://blog.infoempresa.com\/wp-content\/uploads\/2025\/04\/pexels-da-na-461418424-31671000-300x201.jpg 300w, https://blog.infoempresa.com\/wp-content\/uploads\/2025\/04\/pexels-da-na-461418424-31671000-1024x685.jpg 1024w, https://blog.infoempresa.com\/wp-content\/uploads\/2025\/04\/pexels-da-na-461418424-31671000-1200x800.jpg 1200w\" sizes=\"(max-width: 600px) 100vw, 600px\" \/>","portrait_medium":"<img width=\"600\" height=\"900\" src=\"https://blog.infoempresa.com\/wp-content\/uploads\/2025\/04\/pexels-da-na-461418424-31671000-600x900.jpg\" class=\"attachment-portrait_medium size-portrait_medium wp-post-image\" alt=\"\" decoding=\"async\" loading=\"lazy\" srcset=\"https://blog.infoempresa.com\/wp-content\/uploads\/2025\/04\/pexels-da-na-461418424-31671000-600x900.jpg 600w, https://blog.infoempresa.com\/wp-content\/uploads\/2025\/04\/pexels-da-na-461418424-31671000-1200x1800.jpg 1200w\" sizes=\"(max-width: 600px) 100vw, 600px\" \/>","square_medium":"<img width=\"600\" height=\"600\" src=\"https://blog.infoempresa.com\/wp-content\/uploads\/2025\/04\/pexels-da-na-461418424-31671000-600x600.jpg\" class=\"attachment-square_medium size-square_medium wp-post-image\" alt=\"\" decoding=\"async\" loading=\"lazy\" srcset=\"https://blog.infoempresa.com\/wp-content\/uploads\/2025\/04\/pexels-da-na-461418424-31671000-600x600.jpg 600w, https://blog.infoempresa.com\/wp-content\/uploads\/2025\/04\/pexels-da-na-461418424-31671000-150x150.jpg 150w, https://blog.infoempresa.com\/wp-content\/uploads\/2025\/04\/pexels-da-na-461418424-31671000-1200x1200.jpg 1200w\" sizes=\"(max-width: 600px) 100vw, 600px\" \/>","sarmaya-featured-image":"<img width=\"1736\" height=\"1162\" src=\"https://blog.infoempresa.com\/wp-content\/uploads\/2025\/04\/pexels-da-na-461418424-31671000-1736x1162.jpg\" class=\"attachment-sarmaya-featured-image size-sarmaya-featured-image wp-post-image\" alt=\"\" decoding=\"async\" loading=\"lazy\" srcset=\"https://blog.infoempresa.com\/wp-content\/uploads\/2025\/04\/pexels-da-na-461418424-31671000-1736x1162.jpg 1736w, https://blog.infoempresa.com\/wp-content\/uploads\/2025\/04\/pexels-da-na-461418424-31671000-300x201.jpg 300w, https://blog.infoempresa.com\/wp-content\/uploads\/2025\/04\/pexels-da-na-461418424-31671000-1024x685.jpg 1024w, https://blog.infoempresa.com\/wp-content\/uploads\/2025\/04\/pexels-da-na-461418424-31671000-768x514.jpg 768w, https://blog.infoempresa.com\/wp-content\/uploads\/2025\/04\/pexels-da-na-461418424-31671000-1536x1028.jpg 1536w, https://blog.infoempresa.com\/wp-content\/uploads\/2025\/04\/pexels-da-na-461418424-31671000-2048x1371.jpg 2048w\" sizes=\"(max-width: 1736px) 100vw, 1736px\" \/>"}},"published_date":"April 22, 2025","comments_number":"0 Comment","_links":{"self":[{"href":"https://blog.infoempresa.com\/de\/wp-json\/wp\/v2\/posts\/61304"}],"collection":[{"href":"https://blog.infoempresa.com\/de\/wp-json\/wp\/v2\/posts"}],"about":[{"href":"https://blog.infoempresa.com\/de\/wp-json\/wp\/v2\/types\/post"}],"author":[{"embeddable":true,"href":"https://blog.infoempresa.com\/de\/wp-json\/wp\/v2\/users\/1"}],"replies":[{"embeddable":true,"href":"https://blog.infoempresa.com\/de\/wp-json\/wp\/v2\/comments?post=61304"}],"version-history":[{"count":0,"href":"https://blog.infoempresa.com\/de\/wp-json\/wp\/v2\/posts\/61304\/revisions"}],"wp:featuredmedia":[{"embeddable":true,"href":"https://blog.infoempresa.com\/de\/wp-json\/wp\/v2\/media\/60766"}],"wp:attachment":[{"href":"https://blog.infoempresa.com\/de\/wp-json\/wp\/v2\/media?parent=61304"}],"wp:term":[{"taxonomy":"category","embeddable":true,"href":"https://blog.infoempresa.com\/de\/wp-json\/wp\/v2\/categories?post=61304"},{"taxonomy":"post_tag","embeddable":true,"href":"https://blog.infoempresa.com\/de\/wp-json\/wp\/v2\/tags?post=61304"}],"curies":[{"name":"wp","href":"https:\/\/api.w.org\/{rel}","templated":true}]}}