{"id":3135,"date":"2023-11-03T12:35:30","date_gmt":"2023-11-03T12:35:30","guid":{"rendered":"https://blog.infoempresa.com\/?p=3135"},"modified":"2024-07-22T08:05:03","modified_gmt":"2024-07-22T08:05:03","slug":"el-origen-y-evolucion-del-balance-financiero","status":"publish","type":"post","link":"https://blog.infoempresa.com\/es\/el-origen-y-evolucion-del-balance-financiero\/","title":{"rendered":"El origen y evoluci\u00f3n del balance financiero"},"content":{"rendered":"\t\t<div data-elementor-type=\"wp-post\" data-elementor-id=\"3135\" class=\"elementor elementor-3135\">\n\t\t\t\t\t\t\t\t\t<section class=\"elementor-section elementor-top-section elementor-element elementor-element-b0f4a89 elementor-section-boxed elementor-section-height-default elementor-section-height-default\" data-id=\"b0f4a89\" data-element_type=\"section\">\n\t\t\t\t\t\t<div class=\"elementor-container elementor-column-gap-default\">\n\t\t\t\t\t<div class=\"elementor-column elementor-col-100 elementor-top-column elementor-element elementor-element-9489930\" data-id=\"9489930\" data-element_type=\"column\">\n\t\t\t<div class=\"elementor-widget-wrap elementor-element-populated\">\n\t\t\t\t\t\t\t\t<div class=\"elementor-element elementor-element-9db671e elementor-widget elementor-widget-text-editor\" data-id=\"9db671e\" data-element_type=\"widget\" data-widget_type=\"text-editor.default\">\n\t\t\t\t<div class=\"elementor-widget-container\">\n\t\t\t<style>\/*! elementor - v3.17.0 - 01-11-2023 *\/\n.elementor-widget-text-editor.elementor-drop-cap-view-stacked .elementor-drop-cap{background-color:#69727d;color:#fff}.elementor-widget-text-editor.elementor-drop-cap-view-framed .elementor-drop-cap{color:#69727d;border:3px solid;background-color:transparent}.elementor-widget-text-editor:not(.elementor-drop-cap-view-default) .elementor-drop-cap{margin-top:8px}.elementor-widget-text-editor:not(.elementor-drop-cap-view-default) .elementor-drop-cap-letter{width:1em;height:1em}.elementor-widget-text-editor .elementor-drop-cap{float:left;text-align:center;line-height:1;font-size:50px}.elementor-widget-text-editor .elementor-drop-cap-letter{display:inline-block}<\/style>\t\t\t\t<p>En el mundo de las finanzas, muy pocos elementos son tan esenciales y evocadores como el balance. Pero, \u00bfse ha preguntado alguna vez de d\u00f3nde procede esta herramienta indispensable? A lo largo de los siglos, el balance ha evolucionado hasta convertirse en lo que es hoy.<\/p>\t\t\t\t\t\t<\/div>\n\t\t\t\t<\/div>\n\t\t\t\t\t<\/div>\n\t\t<\/div>\n\t\t\t\t\t\t\t<\/div>\n\t\t<\/section>\n\t\t\t\t<section class=\"elementor-section elementor-top-section elementor-element elementor-element-e307ebc elementor-section-boxed elementor-section-height-default elementor-section-height-default\" data-id=\"e307ebc\" data-element_type=\"section\">\n\t\t\t\t\t\t<div class=\"elementor-container elementor-column-gap-default\">\n\t\t\t\t\t<div class=\"elementor-column elementor-col-100 elementor-top-column elementor-element elementor-element-b4b796c\" data-id=\"b4b796c\" data-element_type=\"column\">\n\t\t\t<div class=\"elementor-widget-wrap elementor-element-populated\">\n\t\t\t\t\t\t\t\t<div class=\"elementor-element elementor-element-26d3996 elementor-widget elementor-widget-heading\" data-id=\"26d3996\" data-element_type=\"widget\" data-widget_type=\"heading.default\">\n\t\t\t\t<div class=\"elementor-widget-container\">\n\t\t\t<style>\/*! elementor - v3.17.0 - 01-11-2023 *\/\n.elementor-heading-title{padding:0;margin:0;line-height:1}.elementor-widget-heading .elementor-heading-title[class*=elementor-size-]>a{color:inherit;font-size:inherit;line-height:inherit}.elementor-widget-heading .elementor-heading-title.elementor-size-small{font-size:15px}.elementor-widget-heading .elementor-heading-title.elementor-size-medium{font-size:19px}.elementor-widget-heading .elementor-heading-title.elementor-size-large{font-size:29px}.elementor-widget-heading .elementor-heading-title.elementor-size-xl{font-size:39px}.elementor-widget-heading .elementor-heading-title.elementor-size-xxl{font-size:59px}<\/style><h2 class=\"elementor-heading-title elementor-size-default\">El amanecer de la contabilidad<\/h2>\t\t<\/div>\n\t\t\t\t<\/div>\n\t\t\t\t\t<\/div>\n\t\t<\/div>\n\t\t\t\t\t\t\t<\/div>\n\t\t<\/section>\n\t\t\t\t<section class=\"elementor-section elementor-top-section elementor-element elementor-element-208c6e3 elementor-section-boxed elementor-section-height-default elementor-section-height-default\" data-id=\"208c6e3\" data-element_type=\"section\">\n\t\t\t\t\t\t<div class=\"elementor-container elementor-column-gap-default\">\n\t\t\t\t\t<div class=\"elementor-column elementor-col-100 elementor-top-column elementor-element elementor-element-a64b813\" data-id=\"a64b813\" data-element_type=\"column\">\n\t\t\t<div class=\"elementor-widget-wrap elementor-element-populated\">\n\t\t\t\t\t\t\t\t<div class=\"elementor-element elementor-element-2b9ef1d elementor-widget elementor-widget-text-editor\" data-id=\"2b9ef1d\" data-element_type=\"widget\" data-widget_type=\"text-editor.default\">\n\t\t\t\t<div class=\"elementor-widget-container\">\n\t\t\t\t\t\t\t<p>Los primeros vestigios de escritura se descubrieron durante excavaciones arqueol\u00f3gicas en Mesopotamia. Estas excavaciones tambi\u00e9n descubrieron vestigios de inventarios contables en forma de muescas sobre soportes de arcilla. Los or\u00edgenes de la contabilidad est\u00e1n, pues, estrechamente ligados a los de la escritura y la cartograf\u00eda, lo que nos lleva a pensar que la historia de la contabilidad es tan antigua como la de la propia humanidad.<\/p>\t\t\t\t\t\t<\/div>\n\t\t\t\t<\/div>\n\t\t\t\t\t<\/div>\n\t\t<\/div>\n\t\t\t\t\t\t\t<\/div>\n\t\t<\/section>\n\t\t\t\t<section class=\"elementor-section elementor-top-section elementor-element elementor-element-6cae3dc elementor-section-boxed elementor-section-height-default elementor-section-height-default\" data-id=\"6cae3dc\" data-element_type=\"section\">\n\t\t\t\t\t\t<div class=\"elementor-container elementor-column-gap-default\">\n\t\t\t\t\t<div class=\"elementor-column elementor-col-100 elementor-top-column elementor-element elementor-element-52f6de4\" data-id=\"52f6de4\" data-element_type=\"column\">\n\t\t\t<div class=\"elementor-widget-wrap elementor-element-populated\">\n\t\t\t\t\t\t\t\t<div class=\"elementor-element elementor-element-e06eba9 elementor-widget elementor-widget-heading\" data-id=\"e06eba9\" data-element_type=\"widget\" data-widget_type=\"heading.default\">\n\t\t\t\t<div class=\"elementor-widget-container\">\n\t\t\t<h2 class=\"elementor-heading-title elementor-size-default\">La contabilidad en la antig\u00fcedad y edad media<\/h2>\t\t<\/div>\n\t\t\t\t<\/div>\n\t\t\t\t\t<\/div>\n\t\t<\/div>\n\t\t\t\t\t\t\t<\/div>\n\t\t<\/section>\n\t\t\t\t<section class=\"elementor-section elementor-top-section elementor-element elementor-element-68010ec elementor-section-boxed elementor-section-height-default elementor-section-height-default\" data-id=\"68010ec\" data-element_type=\"section\">\n\t\t\t\t\t\t<div class=\"elementor-container elementor-column-gap-default\">\n\t\t\t\t\t<div class=\"elementor-column elementor-col-100 elementor-top-column elementor-element elementor-element-8cf1de1\" data-id=\"8cf1de1\" data-element_type=\"column\">\n\t\t\t<div class=\"elementor-widget-wrap elementor-element-populated\">\n\t\t\t\t\t\t\t\t<div class=\"elementor-element elementor-element-619b895 elementor-widget elementor-widget-text-editor\" data-id=\"619b895\" data-element_type=\"widget\" data-widget_type=\"text-editor.default\">\n\t\t\t\t<div class=\"elementor-widget-container\">\n\t\t\t\t\t\t\t<p>La historia de la contabilidad se remonta m\u00e1s precisamente a la Antig\u00fcedad. La contabilidad (en el sentido de \u00abcontar valores\u00bb) no se limitaba a registrar transacciones comerciales. Los antepasados de los contables ya se encontraban en las civilizaciones antiguas, entre ricos comerciantes y banqueros. En aquella \u00e9poca, actuaban como administradores. Estos mayordomos se encargaban de la contabilidad dom\u00e9stica. A menudo eran esclavos eruditos. Fueron los antepasados de los contables de empresa.<\/p><p>A medida que evolucionaban las pr\u00e1cticas comerciales, tambi\u00e9n lo hac\u00edan las pr\u00e1cticas contables. La invenci\u00f3n de la imprenta y el uso del papel son factores importantes para comprender la difusi\u00f3n de las t\u00e9cnicas de registro contable en la Baja Edad Media.<\/p>\t\t\t\t\t\t<\/div>\n\t\t\t\t<\/div>\n\t\t\t\t\t<\/div>\n\t\t<\/div>\n\t\t\t\t\t\t\t<\/div>\n\t\t<\/section>\n\t\t\t\t<section class=\"elementor-section elementor-top-section elementor-element elementor-element-b73b1d8 elementor-section-boxed elementor-section-height-default elementor-section-height-default\" data-id=\"b73b1d8\" data-element_type=\"section\">\n\t\t\t\t\t\t<div class=\"elementor-container elementor-column-gap-default\">\n\t\t\t\t\t<div class=\"elementor-column elementor-col-100 elementor-top-column elementor-element elementor-element-e43a2c8\" data-id=\"e43a2c8\" data-element_type=\"column\">\n\t\t\t<div class=\"elementor-widget-wrap elementor-element-populated\">\n\t\t\t\t\t\t\t\t<div class=\"elementor-element elementor-element-34abe63 elementor-widget elementor-widget-heading\" data-id=\"34abe63\" data-element_type=\"widget\" data-widget_type=\"heading.default\">\n\t\t\t\t<div class=\"elementor-widget-container\">\n\t\t\t<h2 class=\"elementor-heading-title elementor-size-default\">El nacimiento del balance financiero moderno<\/h2>\t\t<\/div>\n\t\t\t\t<\/div>\n\t\t\t\t\t<\/div>\n\t\t<\/div>\n\t\t\t\t\t\t\t<\/div>\n\t\t<\/section>\n\t\t\t\t<section class=\"elementor-section elementor-top-section elementor-element elementor-element-9bf0922 elementor-section-boxed elementor-section-height-default elementor-section-height-default\" data-id=\"9bf0922\" data-element_type=\"section\">\n\t\t\t\t\t\t<div class=\"elementor-container elementor-column-gap-default\">\n\t\t\t\t\t<div class=\"elementor-column elementor-col-100 elementor-top-column elementor-element elementor-element-0cdf205\" data-id=\"0cdf205\" data-element_type=\"column\">\n\t\t\t<div class=\"elementor-widget-wrap elementor-element-populated\">\n\t\t\t\t\t\t\t\t<div class=\"elementor-element elementor-element-ad9e5f4 elementor-widget elementor-widget-text-editor\" data-id=\"ad9e5f4\" data-element_type=\"widget\" data-widget_type=\"text-editor.default\">\n\t\t\t\t<div class=\"elementor-widget-container\">\n\t\t\t\t\t\t\t<p>En 1493, el monje Luca Pacioli public\u00f3 el primer libro de contabilidad en italiano. Populariz\u00f3 las pr\u00e1cticas comerciales de los mercaderes del norte de Italia y la t\u00e9cnica de la contabilidad por partida doble. Consiste en registrar todas las transacciones en dos cuentas simult\u00e1neamente. Cuando las dos cuentas utilizadas son cuentas de activo, el asiento refleja un cambio en la estructura del activo (el comerciante paga por mercanc\u00edas, el aumento del valor de las existencias de mercanc\u00edas compensa la disminuci\u00f3n de la cuenta de efectivo).<\/p>\t\t\t\t\t\t<\/div>\n\t\t\t\t<\/div>\n\t\t\t\t\t<\/div>\n\t\t<\/div>\n\t\t\t\t\t\t\t<\/div>\n\t\t<\/section>\n\t\t\t\t<section class=\"elementor-section elementor-top-section elementor-element elementor-element-3ddffe7 elementor-section-boxed elementor-section-height-default elementor-section-height-default\" data-id=\"3ddffe7\" data-element_type=\"section\">\n\t\t\t\t\t\t<div class=\"elementor-container elementor-column-gap-default\">\n\t\t\t\t\t<div class=\"elementor-column elementor-col-100 elementor-top-column elementor-element elementor-element-b30b066\" data-id=\"b30b066\" data-element_type=\"column\">\n\t\t\t<div class=\"elementor-widget-wrap elementor-element-populated\">\n\t\t\t\t\t\t\t\t<div class=\"elementor-element elementor-element-1df1c5e elementor-widget elementor-widget-heading\" data-id=\"1df1c5e\" data-element_type=\"widget\" data-widget_type=\"heading.default\">\n\t\t\t\t<div class=\"elementor-widget-container\">\n\t\t\t<h2 class=\"elementor-heading-title elementor-size-default\">La evoluci\u00f3n del balance financiero<\/h2>\t\t<\/div>\n\t\t\t\t<\/div>\n\t\t\t\t\t<\/div>\n\t\t<\/div>\n\t\t\t\t\t\t\t<\/div>\n\t\t<\/section>\n\t\t\t\t<section class=\"elementor-section elementor-top-section elementor-element elementor-element-9df1cc9 elementor-section-boxed elementor-section-height-default elementor-section-height-default\" data-id=\"9df1cc9\" data-element_type=\"section\">\n\t\t\t\t\t\t<div class=\"elementor-container elementor-column-gap-default\">\n\t\t\t\t\t<div class=\"elementor-column elementor-col-100 elementor-top-column elementor-element elementor-element-ab3aa1f\" data-id=\"ab3aa1f\" data-element_type=\"column\">\n\t\t\t<div class=\"elementor-widget-wrap elementor-element-populated\">\n\t\t\t\t\t\t\t\t<div class=\"elementor-element elementor-element-c3317c1 elementor-widget elementor-widget-text-editor\" data-id=\"c3317c1\" data-element_type=\"widget\" data-widget_type=\"text-editor.default\">\n\t\t\t\t<div class=\"elementor-widget-container\">\n\t\t\t\t\t\t\t<p>Las t\u00e9cnicas contables evolucionan progresivamente. Aparecen los requisitos contables, como la obligaci\u00f3n impuesta a las f\u00e1bricas francesas en el siglo XVII de llevar un inventario semestral de las existencias.<\/p><p>Hasta el siglo XX, los escritos contables segu\u00edan siendo esencialmente obras t\u00e9cnicas o pedag\u00f3gicas. Las reflexiones te\u00f3ricas eran relativamente limitadas y se centraban principalmente en los mecanismos de registro contable o en conceptos y definiciones.<\/p><p>La llegada de la sociedad industrial y el desarrollo de las compa\u00f1\u00edas an\u00f3nimas a finales del siglo XIX provocaron cambios en las herramientas contables. La reflexi\u00f3n contable se centr\u00f3 entonces tanto en la mejora de las t\u00e9cnicas de tenedur\u00eda de libros como en los problemas de c\u00e1lculo de los costes. La contabilidad de gesti\u00f3n en particular debe mucho a los trabajos pioneros de Frederick W. Taylor (1902) y Henri Fayol (1916).<\/p><p>Lo que caracteriza la evoluci\u00f3n de la contabilidad en el siglo XX es el fen\u00f3meno de armonizaci\u00f3n de las pr\u00e1cticas (conocido como \u00abnormalizaci\u00f3n\u00bb). La armonizaci\u00f3n comenz\u00f3 a escala nacional y se aceler\u00f3 a escala internacional en la segunda mitad del siglo.<\/p>\t\t\t\t\t\t<\/div>\n\t\t\t\t<\/div>\n\t\t\t\t\t<\/div>\n\t\t<\/div>\n\t\t\t\t\t\t\t<\/div>\n\t\t<\/section>\n\t\t\t\t<section class=\"elementor-section elementor-top-section elementor-element elementor-element-31c8335 elementor-section-boxed elementor-section-height-default elementor-section-height-default\" data-id=\"31c8335\" data-element_type=\"section\">\n\t\t\t\t\t\t<div class=\"elementor-container elementor-column-gap-default\">\n\t\t\t\t\t<div class=\"elementor-column elementor-col-100 elementor-top-column elementor-element elementor-element-7800f82\" data-id=\"7800f82\" data-element_type=\"column\">\n\t\t\t<div class=\"elementor-widget-wrap elementor-element-populated\">\n\t\t\t\t\t\t\t\t<div class=\"elementor-element elementor-element-3efa50c elementor-widget elementor-widget-heading\" data-id=\"3efa50c\" data-element_type=\"widget\" data-widget_type=\"heading.default\">\n\t\t\t\t<div class=\"elementor-widget-container\">\n\t\t\t<h2 class=\"elementor-heading-title elementor-size-default\">El balance financiero en la actualidad<\/h2>\t\t<\/div>\n\t\t\t\t<\/div>\n\t\t\t\t\t<\/div>\n\t\t<\/div>\n\t\t\t\t\t\t\t<\/div>\n\t\t<\/section>\n\t\t\t\t<section class=\"elementor-section elementor-top-section elementor-element elementor-element-cd133c0 elementor-section-boxed elementor-section-height-default elementor-section-height-default\" data-id=\"cd133c0\" data-element_type=\"section\">\n\t\t\t\t\t\t<div class=\"elementor-container elementor-column-gap-default\">\n\t\t\t\t\t<div class=\"elementor-column elementor-col-100 elementor-top-column elementor-element elementor-element-a75b933\" data-id=\"a75b933\" data-element_type=\"column\">\n\t\t\t<div class=\"elementor-widget-wrap elementor-element-populated\">\n\t\t\t\t\t\t\t\t<div class=\"elementor-element elementor-element-9630e75 elementor-widget elementor-widget-text-editor\" data-id=\"9630e75\" data-element_type=\"widget\" data-widget_type=\"text-editor.default\">\n\t\t\t\t<div class=\"elementor-widget-container\">\n\t\t\t\t\t\t\t<p>Hoy en d\u00eda, el balance es una herramienta clave de la contabilidad financiera. Ofrece una visi\u00f3n general de la situaci\u00f3n financiera de una empresa en un momento dado, incluidos sus activos, pasivos y fondos propios. El balance es utilizado por muchas personas dentro de una organizaci\u00f3n para evaluar adecuadamente la salud financiera y el valor de una empresa.<\/p>\t\t\t\t\t\t<\/div>\n\t\t\t\t<\/div>\n\t\t\t\t\t<\/div>\n\t\t<\/div>\n\t\t\t\t\t\t\t<\/div>\n\t\t<\/section>\n\t\t\t\t<section class=\"elementor-section elementor-top-section elementor-element elementor-element-85e07cb elementor-section-boxed elementor-section-height-default elementor-section-height-default\" data-id=\"85e07cb\" data-element_type=\"section\">\n\t\t\t\t\t\t<div class=\"elementor-container elementor-column-gap-default\">\n\t\t\t\t\t<div class=\"elementor-column elementor-col-100 elementor-top-column elementor-element elementor-element-0b909d8\" data-id=\"0b909d8\" data-element_type=\"column\">\n\t\t\t<div class=\"elementor-widget-wrap elementor-element-populated\">\n\t\t\t\t\t\t\t\t<div class=\"elementor-element elementor-element-7f694f3 elementor-widget elementor-widget-text-editor\" data-id=\"7f694f3\" data-element_type=\"widget\" data-widget_type=\"text-editor.default\">\n\t\t\t\t<div class=\"elementor-widget-container\">\n\t\t\t\t\t\t\t<p>A lo largo de su historia, el balance financiero ha evolucionado a trav\u00e9s de los tiempos, adapt\u00e1ndose a las necesidades cambiantes y a la creciente complejidad del mundo empresarial. Hoy en d\u00eda, es m\u00e1s importante que nunca, ya que proporciona la informaci\u00f3n vital necesaria para la toma de decisiones en un mundo empresarial cada vez m\u00e1s interconectado y din\u00e1mico. Sin duda, el balance seguir\u00e1 siendo una herramienta fundamental en el mundo financiero durante los pr\u00f3ximos a\u00f1os.<\/p>\t\t\t\t\t\t<\/div>\n\t\t\t\t<\/div>\n\t\t\t\t\t<\/div>\n\t\t<\/div>\n\t\t\t\t\t\t\t<\/div>\n\t\t<\/section>\n\t\t\t\t\t\t\t<\/div>\n\t\t","protected":false},"excerpt":{"rendered":"<p>En el mundo de las finanzas, muy pocos elementos son tan esenciales y evocadores como el balance. <\/p>\n","protected":false},"author":1,"featured_media":3139,"comment_status":"open","ping_status":"open","sticky":false,"template":"","format":"standard","meta":{"footnotes":""},"categories":[5],"tags":[],"post_class":"clearfix post-3135 post type-post status-publish format-standard has-post-thumbnail hentry category-finance entry","author_meta":{"name":"blog_infoempr","url":"https://blog.infoempresa.com\/es\/author\/blog_infoempr\/"},"category_list":"<a href=\"https://blog.infoempresa.com\/es\/category\/finance\/\" rel=\"category tag\">Finance<\/a>","featured_image":{"source_url":"<img width=\"2560\" height=\"1440\" src=\"https://blog.infoempresa.com\/wp-content\/uploads\/2023\/11\/northfolk-Ok76F6yW2iA-unsplash-scaled.jpg\" class=\"attachment-post-thumbnail size-post-thumbnail wp-post-image\" alt=\"\" decoding=\"async\" loading=\"lazy\" srcset=\"https://blog.infoempresa.com\/wp-content\/uploads\/2023\/11\/northfolk-Ok76F6yW2iA-unsplash-scaled.jpg 2560w, https://blog.infoempresa.com\/wp-content\/uploads\/2023\/11\/northfolk-Ok76F6yW2iA-unsplash-300x169.jpg 300w, https://blog.infoempresa.com\/wp-content\/uploads\/2023\/11\/northfolk-Ok76F6yW2iA-unsplash-1024x576.jpg 1024w, https://blog.infoempresa.com\/wp-content\/uploads\/2023\/11\/northfolk-Ok76F6yW2iA-unsplash-768x432.jpg 768w, https://blog.infoempresa.com\/wp-content\/uploads\/2023\/11\/northfolk-Ok76F6yW2iA-unsplash-1536x864.jpg 1536w, https://blog.infoempresa.com\/wp-content\/uploads\/2023\/11\/northfolk-Ok76F6yW2iA-unsplash-2048x1152.jpg 2048w, https://blog.infoempresa.com\/wp-content\/uploads\/2023\/11\/northfolk-Ok76F6yW2iA-unsplash-1736x977.jpg 1736w\" sizes=\"(max-width: 2560px) 100vw, 2560px\" \/>","sizes":{"thumbnail":"<img width=\"150\" height=\"150\" src=\"https://blog.infoempresa.com\/wp-content\/uploads\/2023\/11\/northfolk-Ok76F6yW2iA-unsplash-150x150.jpg\" class=\"attachment-thumbnail size-thumbnail wp-post-image\" alt=\"\" decoding=\"async\" loading=\"lazy\" srcset=\"https://blog.infoempresa.com\/wp-content\/uploads\/2023\/11\/northfolk-Ok76F6yW2iA-unsplash-150x150.jpg 150w, https://blog.infoempresa.com\/wp-content\/uploads\/2023\/11\/northfolk-Ok76F6yW2iA-unsplash-1200x1200.jpg 1200w, https://blog.infoempresa.com\/wp-content\/uploads\/2023\/11\/northfolk-Ok76F6yW2iA-unsplash-600x600.jpg 600w\" sizes=\"(max-width: 150px) 100vw, 150px\" \/>","medium":"<img width=\"300\" height=\"169\" src=\"https://blog.infoempresa.com\/wp-content\/uploads\/2023\/11\/northfolk-Ok76F6yW2iA-unsplash-300x169.jpg\" class=\"attachment-medium size-medium wp-post-image\" alt=\"\" decoding=\"async\" loading=\"lazy\" srcset=\"https://blog.infoempresa.com\/wp-content\/uploads\/2023\/11\/northfolk-Ok76F6yW2iA-unsplash-300x169.jpg 300w, https://blog.infoempresa.com\/wp-content\/uploads\/2023\/11\/northfolk-Ok76F6yW2iA-unsplash-1024x576.jpg 1024w, https://blog.infoempresa.com\/wp-content\/uploads\/2023\/11\/northfolk-Ok76F6yW2iA-unsplash-768x432.jpg 768w, https://blog.infoempresa.com\/wp-content\/uploads\/2023\/11\/northfolk-Ok76F6yW2iA-unsplash-1536x864.jpg 1536w, https://blog.infoempresa.com\/wp-content\/uploads\/2023\/11\/northfolk-Ok76F6yW2iA-unsplash-2048x1152.jpg 2048w, https://blog.infoempresa.com\/wp-content\/uploads\/2023\/11\/northfolk-Ok76F6yW2iA-unsplash-1736x977.jpg 1736w\" sizes=\"(max-width: 300px) 100vw, 300px\" \/>","medium_large":"<img width=\"700\" height=\"394\" src=\"https://blog.infoempresa.com\/wp-content\/uploads\/2023\/11\/northfolk-Ok76F6yW2iA-unsplash-768x432.jpg\" class=\"attachment-medium_large size-medium_large wp-post-image\" alt=\"\" decoding=\"async\" loading=\"lazy\" srcset=\"https://blog.infoempresa.com\/wp-content\/uploads\/2023\/11\/northfolk-Ok76F6yW2iA-unsplash-768x432.jpg 768w, https://blog.infoempresa.com\/wp-content\/uploads\/2023\/11\/northfolk-Ok76F6yW2iA-unsplash-300x169.jpg 300w, https://blog.infoempresa.com\/wp-content\/uploads\/2023\/11\/northfolk-Ok76F6yW2iA-unsplash-1024x576.jpg 1024w, https://blog.infoempresa.com\/wp-content\/uploads\/2023\/11\/northfolk-Ok76F6yW2iA-unsplash-1536x864.jpg 1536w, https://blog.infoempresa.com\/wp-content\/uploads\/2023\/11\/northfolk-Ok76F6yW2iA-unsplash-2048x1152.jpg 2048w, https://blog.infoempresa.com\/wp-content\/uploads\/2023\/11\/northfolk-Ok76F6yW2iA-unsplash-1736x977.jpg 1736w\" sizes=\"(max-width: 700px) 100vw, 700px\" \/>","large":"<img width=\"700\" height=\"394\" src=\"https://blog.infoempresa.com\/wp-content\/uploads\/2023\/11\/northfolk-Ok76F6yW2iA-unsplash-1024x576.jpg\" class=\"attachment-large size-large wp-post-image\" alt=\"\" decoding=\"async\" loading=\"lazy\" srcset=\"https://blog.infoempresa.com\/wp-content\/uploads\/2023\/11\/northfolk-Ok76F6yW2iA-unsplash-1024x576.jpg 1024w, https://blog.infoempresa.com\/wp-content\/uploads\/2023\/11\/northfolk-Ok76F6yW2iA-unsplash-300x169.jpg 300w, https://blog.infoempresa.com\/wp-content\/uploads\/2023\/11\/northfolk-Ok76F6yW2iA-unsplash-768x432.jpg 768w, https://blog.infoempresa.com\/wp-content\/uploads\/2023\/11\/northfolk-Ok76F6yW2iA-unsplash-1536x864.jpg 1536w, https://blog.infoempresa.com\/wp-content\/uploads\/2023\/11\/northfolk-Ok76F6yW2iA-unsplash-2048x1152.jpg 2048w, https://blog.infoempresa.com\/wp-content\/uploads\/2023\/11\/northfolk-Ok76F6yW2iA-unsplash-1736x977.jpg 1736w\" sizes=\"(max-width: 700px) 100vw, 700px\" \/>","rss-image":"<img width=\"300\" height=\"169\" src=\"https://blog.infoempresa.com\/wp-content\/uploads\/2023\/11\/northfolk-Ok76F6yW2iA-unsplash-300x169.jpg\" class=\"attachment-rss-image size-rss-image wp-post-image\" alt=\"\" decoding=\"async\" loading=\"lazy\" srcset=\"https://blog.infoempresa.com\/wp-content\/uploads\/2023\/11\/northfolk-Ok76F6yW2iA-unsplash-300x169.jpg 300w, https://blog.infoempresa.com\/wp-content\/uploads\/2023\/11\/northfolk-Ok76F6yW2iA-unsplash-1024x576.jpg 1024w, https://blog.infoempresa.com\/wp-content\/uploads\/2023\/11\/northfolk-Ok76F6yW2iA-unsplash-768x432.jpg 768w, https://blog.infoempresa.com\/wp-content\/uploads\/2023\/11\/northfolk-Ok76F6yW2iA-unsplash-1536x864.jpg 1536w, https://blog.infoempresa.com\/wp-content\/uploads\/2023\/11\/northfolk-Ok76F6yW2iA-unsplash-2048x1152.jpg 2048w, https://blog.infoempresa.com\/wp-content\/uploads\/2023\/11\/northfolk-Ok76F6yW2iA-unsplash-1736x977.jpg 1736w\" sizes=\"(max-width: 300px) 100vw, 300px\" \/>","1536x1536":"<img width=\"1536\" height=\"864\" src=\"https://blog.infoempresa.com\/wp-content\/uploads\/2023\/11\/northfolk-Ok76F6yW2iA-unsplash-1536x864.jpg\" class=\"attachment-1536x1536 size-1536x1536 wp-post-image\" alt=\"\" decoding=\"async\" loading=\"lazy\" srcset=\"https://blog.infoempresa.com\/wp-content\/uploads\/2023\/11\/northfolk-Ok76F6yW2iA-unsplash-1536x864.jpg 1536w, https://blog.infoempresa.com\/wp-content\/uploads\/2023\/11\/northfolk-Ok76F6yW2iA-unsplash-300x169.jpg 300w, https://blog.infoempresa.com\/wp-content\/uploads\/2023\/11\/northfolk-Ok76F6yW2iA-unsplash-1024x576.jpg 1024w, https://blog.infoempresa.com\/wp-content\/uploads\/2023\/11\/northfolk-Ok76F6yW2iA-unsplash-768x432.jpg 768w, https://blog.infoempresa.com\/wp-content\/uploads\/2023\/11\/northfolk-Ok76F6yW2iA-unsplash-2048x1152.jpg 2048w, https://blog.infoempresa.com\/wp-content\/uploads\/2023\/11\/northfolk-Ok76F6yW2iA-unsplash-1736x977.jpg 1736w\" sizes=\"(max-width: 1536px) 100vw, 1536px\" \/>","2048x2048":"<img width=\"2048\" height=\"1152\" src=\"https://blog.infoempresa.com\/wp-content\/uploads\/2023\/11\/northfolk-Ok76F6yW2iA-unsplash-2048x1152.jpg\" class=\"attachment-2048x2048 size-2048x2048 wp-post-image\" alt=\"\" decoding=\"async\" loading=\"lazy\" srcset=\"https://blog.infoempresa.com\/wp-content\/uploads\/2023\/11\/northfolk-Ok76F6yW2iA-unsplash-2048x1152.jpg 2048w, https://blog.infoempresa.com\/wp-content\/uploads\/2023\/11\/northfolk-Ok76F6yW2iA-unsplash-300x169.jpg 300w, https://blog.infoempresa.com\/wp-content\/uploads\/2023\/11\/northfolk-Ok76F6yW2iA-unsplash-1024x576.jpg 1024w, https://blog.infoempresa.com\/wp-content\/uploads\/2023\/11\/northfolk-Ok76F6yW2iA-unsplash-768x432.jpg 768w, https://blog.infoempresa.com\/wp-content\/uploads\/2023\/11\/northfolk-Ok76F6yW2iA-unsplash-1536x864.jpg 1536w, https://blog.infoempresa.com\/wp-content\/uploads\/2023\/11\/northfolk-Ok76F6yW2iA-unsplash-1736x977.jpg 1736w\" sizes=\"(max-width: 2048px) 100vw, 2048px\" \/>","landscape":"<img width=\"1200\" height=\"800\" src=\"https://blog.infoempresa.com\/wp-content\/uploads\/2023\/11\/northfolk-Ok76F6yW2iA-unsplash-1200x800.jpg\" class=\"attachment-landscape size-landscape wp-post-image\" alt=\"\" decoding=\"async\" loading=\"lazy\" srcset=\"https://blog.infoempresa.com\/wp-content\/uploads\/2023\/11\/northfolk-Ok76F6yW2iA-unsplash-1200x800.jpg 1200w, https://blog.infoempresa.com\/wp-content\/uploads\/2023\/11\/northfolk-Ok76F6yW2iA-unsplash-600x400.jpg 600w\" sizes=\"(max-width: 1200px) 100vw, 1200px\" \/>","square":"<img width=\"1200\" height=\"1200\" src=\"https://blog.infoempresa.com\/wp-content\/uploads\/2023\/11\/northfolk-Ok76F6yW2iA-unsplash-1200x1200.jpg\" class=\"attachment-square size-square wp-post-image\" alt=\"\" decoding=\"async\" loading=\"lazy\" srcset=\"https://blog.infoempresa.com\/wp-content\/uploads\/2023\/11\/northfolk-Ok76F6yW2iA-unsplash-1200x1200.jpg 1200w, https://blog.infoempresa.com\/wp-content\/uploads\/2023\/11\/northfolk-Ok76F6yW2iA-unsplash-150x150.jpg 150w, https://blog.infoempresa.com\/wp-content\/uploads\/2023\/11\/northfolk-Ok76F6yW2iA-unsplash-600x600.jpg 600w\" sizes=\"(max-width: 1200px) 100vw, 1200px\" \/>","portrait":"<img width=\"1200\" height=\"1800\" src=\"https://blog.infoempresa.com\/wp-content\/uploads\/2023\/11\/northfolk-Ok76F6yW2iA-unsplash-1200x1800.jpg\" class=\"attachment-portrait size-portrait wp-post-image\" alt=\"\" decoding=\"async\" loading=\"lazy\" srcset=\"https://blog.infoempresa.com\/wp-content\/uploads\/2023\/11\/northfolk-Ok76F6yW2iA-unsplash-1200x1800.jpg 1200w, https://blog.infoempresa.com\/wp-content\/uploads\/2023\/11\/northfolk-Ok76F6yW2iA-unsplash-600x900.jpg 600w\" sizes=\"(max-width: 1200px) 100vw, 1200px\" \/>","landscape_medium":"<img width=\"600\" height=\"400\" src=\"https://blog.infoempresa.com\/wp-content\/uploads\/2023\/11\/northfolk-Ok76F6yW2iA-unsplash-600x400.jpg\" class=\"attachment-landscape_medium size-landscape_medium wp-post-image\" alt=\"\" decoding=\"async\" loading=\"lazy\" srcset=\"https://blog.infoempresa.com\/wp-content\/uploads\/2023\/11\/northfolk-Ok76F6yW2iA-unsplash-600x400.jpg 600w, https://blog.infoempresa.com\/wp-content\/uploads\/2023\/11\/northfolk-Ok76F6yW2iA-unsplash-1200x800.jpg 1200w\" sizes=\"(max-width: 600px) 100vw, 600px\" \/>","portrait_medium":"<img width=\"600\" height=\"900\" src=\"https://blog.infoempresa.com\/wp-content\/uploads\/2023\/11\/northfolk-Ok76F6yW2iA-unsplash-600x900.jpg\" class=\"attachment-portrait_medium size-portrait_medium wp-post-image\" alt=\"\" decoding=\"async\" loading=\"lazy\" srcset=\"https://blog.infoempresa.com\/wp-content\/uploads\/2023\/11\/northfolk-Ok76F6yW2iA-unsplash-600x900.jpg 600w, https://blog.infoempresa.com\/wp-content\/uploads\/2023\/11\/northfolk-Ok76F6yW2iA-unsplash-1200x1800.jpg 1200w\" sizes=\"(max-width: 600px) 100vw, 600px\" \/>","square_medium":"<img width=\"600\" height=\"600\" src=\"https://blog.infoempresa.com\/wp-content\/uploads\/2023\/11\/northfolk-Ok76F6yW2iA-unsplash-600x600.jpg\" class=\"attachment-square_medium size-square_medium wp-post-image\" alt=\"\" decoding=\"async\" loading=\"lazy\" srcset=\"https://blog.infoempresa.com\/wp-content\/uploads\/2023\/11\/northfolk-Ok76F6yW2iA-unsplash-600x600.jpg 600w, https://blog.infoempresa.com\/wp-content\/uploads\/2023\/11\/northfolk-Ok76F6yW2iA-unsplash-150x150.jpg 150w, https://blog.infoempresa.com\/wp-content\/uploads\/2023\/11\/northfolk-Ok76F6yW2iA-unsplash-1200x1200.jpg 1200w\" sizes=\"(max-width: 600px) 100vw, 600px\" \/>","sarmaya-featured-image":"<img width=\"1736\" height=\"977\" src=\"https://blog.infoempresa.com\/wp-content\/uploads\/2023\/11\/northfolk-Ok76F6yW2iA-unsplash-1736x977.jpg\" class=\"attachment-sarmaya-featured-image size-sarmaya-featured-image wp-post-image\" alt=\"\" decoding=\"async\" loading=\"lazy\" srcset=\"https://blog.infoempresa.com\/wp-content\/uploads\/2023\/11\/northfolk-Ok76F6yW2iA-unsplash-1736x977.jpg 1736w, https://blog.infoempresa.com\/wp-content\/uploads\/2023\/11\/northfolk-Ok76F6yW2iA-unsplash-300x169.jpg 300w, https://blog.infoempresa.com\/wp-content\/uploads\/2023\/11\/northfolk-Ok76F6yW2iA-unsplash-1024x576.jpg 1024w, https://blog.infoempresa.com\/wp-content\/uploads\/2023\/11\/northfolk-Ok76F6yW2iA-unsplash-768x432.jpg 768w, https://blog.infoempresa.com\/wp-content\/uploads\/2023\/11\/northfolk-Ok76F6yW2iA-unsplash-1536x864.jpg 1536w, https://blog.infoempresa.com\/wp-content\/uploads\/2023\/11\/northfolk-Ok76F6yW2iA-unsplash-2048x1152.jpg 2048w\" sizes=\"(max-width: 1736px) 100vw, 1736px\" \/>"}},"published_date":"noviembre 3, 2023","comments_number":"0 Comment","_links":{"self":[{"href":"https://blog.infoempresa.com\/es\/wp-json\/wp\/v2\/posts\/3135"}],"collection":[{"href":"https://blog.infoempresa.com\/es\/wp-json\/wp\/v2\/posts"}],"about":[{"href":"https://blog.infoempresa.com\/es\/wp-json\/wp\/v2\/types\/post"}],"author":[{"embeddable":true,"href":"https://blog.infoempresa.com\/es\/wp-json\/wp\/v2\/users\/1"}],"replies":[{"embeddable":true,"href":"https://blog.infoempresa.com\/es\/wp-json\/wp\/v2\/comments?post=3135"}],"version-history":[{"count":4,"href":"https://blog.infoempresa.com\/es\/wp-json\/wp\/v2\/posts\/3135\/revisions"}],"predecessor-version":[{"id":3143,"href":"https://blog.infoempresa.com\/es\/wp-json\/wp\/v2\/posts\/3135\/revisions\/3143"}],"wp:featuredmedia":[{"embeddable":true,"href":"https://blog.infoempresa.com\/es\/wp-json\/wp\/v2\/media\/3139"}],"wp:attachment":[{"href":"https://blog.infoempresa.com\/es\/wp-json\/wp\/v2\/media?parent=3135"}],"wp:term":[{"taxonomy":"category","embeddable":true,"href":"https://blog.infoempresa.com\/es\/wp-json\/wp\/v2\/categories?post=3135"},{"taxonomy":"post_tag","embeddable":true,"href":"https://blog.infoempresa.com\/es\/wp-json\/wp\/v2\/tags?post=3135"}],"curies":[{"name":"wp","href":"https:\/\/api.w.org\/{rel}","templated":true}]}}