{"id":3200,"date":"2023-11-10T11:51:29","date_gmt":"2023-11-10T11:51:29","guid":{"rendered":"https://blog.infoempresa.com\/?p=3200"},"modified":"2024-07-22T08:05:12","modified_gmt":"2024-07-22T08:05:12","slug":"la-pesca-y-la-agricultura-dos-sectores-clave-para-la-economia-espanola","status":"publish","type":"post","link":"https://blog.infoempresa.com\/es\/la-pesca-y-la-agricultura-dos-sectores-clave-para-la-economia-espanola\/","title":{"rendered":"La pesca y la agricultura, dos sectores clave para la econom\u00eda espa\u00f1ola"},"content":{"rendered":"\t\t<div data-elementor-type=\"wp-post\" data-elementor-id=\"3200\" class=\"elementor elementor-3200\">\n\t\t\t\t\t\t\t\t\t<section class=\"elementor-section elementor-top-section elementor-element elementor-element-85286ac elementor-section-boxed elementor-section-height-default elementor-section-height-default\" data-id=\"85286ac\" data-element_type=\"section\">\n\t\t\t\t\t\t<div class=\"elementor-container elementor-column-gap-default\">\n\t\t\t\t\t<div class=\"elementor-column elementor-col-100 elementor-top-column elementor-element elementor-element-dc61a01\" data-id=\"dc61a01\" data-element_type=\"column\">\n\t\t\t<div class=\"elementor-widget-wrap elementor-element-populated\">\n\t\t\t\t\t\t\t\t<div class=\"elementor-element elementor-element-b1cd0c0 elementor-widget elementor-widget-text-editor\" data-id=\"b1cd0c0\" data-element_type=\"widget\" data-widget_type=\"text-editor.default\">\n\t\t\t\t<div class=\"elementor-widget-container\">\n\t\t\t<style>\/*! elementor - v3.17.0 - 01-11-2023 *\/\n.elementor-widget-text-editor.elementor-drop-cap-view-stacked .elementor-drop-cap{background-color:#69727d;color:#fff}.elementor-widget-text-editor.elementor-drop-cap-view-framed .elementor-drop-cap{color:#69727d;border:3px solid;background-color:transparent}.elementor-widget-text-editor:not(.elementor-drop-cap-view-default) .elementor-drop-cap{margin-top:8px}.elementor-widget-text-editor:not(.elementor-drop-cap-view-default) .elementor-drop-cap-letter{width:1em;height:1em}.elementor-widget-text-editor .elementor-drop-cap{float:left;text-align:center;line-height:1;font-size:50px}.elementor-widget-text-editor .elementor-drop-cap-letter{display:inline-block}<\/style>\t\t\t\t<p>La econom\u00eda espa\u00f1ola cuenta con dos pilares esenciales: la pesca y la agricultura. Estos sectores desempe\u00f1an un papel fundamental en la vida econ\u00f3mica y social del pa\u00eds, contribuyendo de manera significativa al Producto Interno Bruto (PIB), al empleo y a la balanza comercial. A lo largo de este art\u00edculo, exploraremos en profundidad la importancia de la pesca y la agricultura en Espa\u00f1a, destacando sus cifras clave, las empresas referentes y los desaf\u00edos que enfrentan en la actualidad.<\/p>\t\t\t\t\t\t<\/div>\n\t\t\t\t<\/div>\n\t\t\t\t\t<\/div>\n\t\t<\/div>\n\t\t\t\t\t\t\t<\/div>\n\t\t<\/section>\n\t\t\t\t<section class=\"elementor-section elementor-top-section elementor-element elementor-element-d8481b8 elementor-section-boxed elementor-section-height-default elementor-section-height-default\" data-id=\"d8481b8\" data-element_type=\"section\">\n\t\t\t\t\t\t<div class=\"elementor-container elementor-column-gap-default\">\n\t\t\t\t\t<div class=\"elementor-column elementor-col-100 elementor-top-column elementor-element elementor-element-9fa37fd\" data-id=\"9fa37fd\" data-element_type=\"column\">\n\t\t\t<div class=\"elementor-widget-wrap elementor-element-populated\">\n\t\t\t\t\t\t\t\t<div class=\"elementor-element elementor-element-ca64e4f elementor-widget elementor-widget-text-editor\" data-id=\"ca64e4f\" data-element_type=\"widget\" data-widget_type=\"text-editor.default\">\n\t\t\t\t<div class=\"elementor-widget-container\">\n\t\t\t\t\t\t\t<p>El sector pesquero espa\u00f1ol es uno de los m\u00e1s destacados de Europa, con una producci\u00f3n anual que ronda los 2 millones de toneladas. La flota pesquera espa\u00f1ola est\u00e1 compuesta por m\u00e1s de 10,000 embarcaciones que operan en todos los oc\u00e9anos del mundo. Esta flota diversa se dedica a la captura de una amplia variedad de especies, siendo las principales el at\u00fan, la merluza, la sardina y el bacalao. Estos productos no solo abastecen las necesidades del mercado interno, sino que tambi\u00e9n se exportan a nivel internacional, lo que contribuye significativamente a la balanza comercial de Espa\u00f1a.<\/p>\t\t\t\t\t\t<\/div>\n\t\t\t\t<\/div>\n\t\t\t\t\t<\/div>\n\t\t<\/div>\n\t\t\t\t\t\t\t<\/div>\n\t\t<\/section>\n\t\t\t\t<section class=\"elementor-section elementor-top-section elementor-element elementor-element-2814c32 elementor-section-boxed elementor-section-height-default elementor-section-height-default\" data-id=\"2814c32\" data-element_type=\"section\">\n\t\t\t\t\t\t<div class=\"elementor-container elementor-column-gap-default\">\n\t\t\t\t\t<div class=\"elementor-column elementor-col-100 elementor-top-column elementor-element elementor-element-a634c3f\" data-id=\"a634c3f\" data-element_type=\"column\">\n\t\t\t<div class=\"elementor-widget-wrap elementor-element-populated\">\n\t\t\t\t\t\t\t\t<div class=\"elementor-element elementor-element-ca261c3 elementor-widget elementor-widget-text-editor\" data-id=\"ca261c3\" data-element_type=\"widget\" data-widget_type=\"text-editor.default\">\n\t\t\t\t<div class=\"elementor-widget-container\">\n\t\t\t\t\t\t\t<p>En t\u00e9rminos de cifras de negocio, el sector pesquero espa\u00f1ol gener\u00f3 un PIB de aproximadamente 1,200 millones de euros en el a\u00f1o 2022. Adem\u00e1s, el empleo directo en este sector se estima en alrededor de 30,000 personas, y se suman otros 100,000 empleos indirectos relacionados con actividades pesqueras y de procesamiento.<\/p>\t\t\t\t\t\t<\/div>\n\t\t\t\t<\/div>\n\t\t\t\t\t<\/div>\n\t\t<\/div>\n\t\t\t\t\t\t\t<\/div>\n\t\t<\/section>\n\t\t\t\t<section class=\"elementor-section elementor-top-section elementor-element elementor-element-ef9d8f5 elementor-section-boxed elementor-section-height-default elementor-section-height-default\" data-id=\"ef9d8f5\" data-element_type=\"section\">\n\t\t\t\t\t\t<div class=\"elementor-container elementor-column-gap-default\">\n\t\t\t\t\t<div class=\"elementor-column elementor-col-100 elementor-top-column elementor-element elementor-element-6257920\" data-id=\"6257920\" data-element_type=\"column\">\n\t\t\t<div class=\"elementor-widget-wrap elementor-element-populated\">\n\t\t\t\t\t\t\t\t<div class=\"elementor-element elementor-element-42725f1 elementor-widget elementor-widget-text-editor\" data-id=\"42725f1\" data-element_type=\"widget\" data-widget_type=\"text-editor.default\">\n\t\t\t\t<div class=\"elementor-widget-container\">\n\t\t\t\t\t\t\t<p>Entre las empresas referentes de la pesca en Espa\u00f1a, destacan nombres como <a href=\"https:\/\/www.infoempresa.com\/es-es\/es\/empresa\/grupo-profand-sl\">Grupo Profand<\/a>, una de las mayores empresas pesqueras del mundo con sede en Vigo. <a href=\"https:\/\/www.infoempresa.com\/es-es\/es\/directivo\/conservas-ortiz-sa#search-leaders\">Conservas Ortiz<\/a>, con sede en Bermeo, es otra empresa familiar especializada en la elaboraci\u00f3n de conservas de pescado que ha ganado reconocimiento en el mercado.<\/p>\t\t\t\t\t\t<\/div>\n\t\t\t\t<\/div>\n\t\t\t\t\t<\/div>\n\t\t<\/div>\n\t\t\t\t\t\t\t<\/div>\n\t\t<\/section>\n\t\t\t\t<section class=\"elementor-section elementor-top-section elementor-element elementor-element-9d71e20 elementor-section-boxed elementor-section-height-default elementor-section-height-default\" data-id=\"9d71e20\" data-element_type=\"section\">\n\t\t\t\t\t\t<div class=\"elementor-container elementor-column-gap-default\">\n\t\t\t\t\t<div class=\"elementor-column elementor-col-100 elementor-top-column elementor-element elementor-element-5ff7f43\" data-id=\"5ff7f43\" data-element_type=\"column\">\n\t\t\t<div class=\"elementor-widget-wrap elementor-element-populated\">\n\t\t\t\t\t\t\t\t<div class=\"elementor-element elementor-element-cb33ae0 elementor-widget elementor-widget-text-editor\" data-id=\"cb33ae0\" data-element_type=\"widget\" data-widget_type=\"text-editor.default\">\n\t\t\t\t<div class=\"elementor-widget-container\">\n\t\t\t\t\t\t\t<p>Sin embargo, el sector pesquero espa\u00f1ol no est\u00e1 exento de desaf\u00edos. Uno de los principales retos que enfrenta es la necesidad de garantizar la sostenibilidad de sus actividades. La creciente presi\u00f3n medioambiental exige que se realice una explotaci\u00f3n responsable de los recursos naturales para evitar la sobreexplotaci\u00f3n y el agotamiento de las especies marinas. Adem\u00e1s, el sector debe competir en el mercado global con pa\u00edses que tienen menores costes de producci\u00f3n.<\/p>\t\t\t\t\t\t<\/div>\n\t\t\t\t<\/div>\n\t\t\t\t\t<\/div>\n\t\t<\/div>\n\t\t\t\t\t\t\t<\/div>\n\t\t<\/section>\n\t\t\t\t<section class=\"elementor-section elementor-top-section elementor-element elementor-element-da4305d elementor-section-boxed elementor-section-height-default elementor-section-height-default\" data-id=\"da4305d\" data-element_type=\"section\">\n\t\t\t\t\t\t<div class=\"elementor-container elementor-column-gap-default\">\n\t\t\t\t\t<div class=\"elementor-column elementor-col-100 elementor-top-column elementor-element elementor-element-96ee0fd\" data-id=\"96ee0fd\" data-element_type=\"column\">\n\t\t\t<div class=\"elementor-widget-wrap elementor-element-populated\">\n\t\t\t\t\t\t\t\t<div class=\"elementor-element elementor-element-49d2ed7 elementor-widget elementor-widget-heading\" data-id=\"49d2ed7\" data-element_type=\"widget\" data-widget_type=\"heading.default\">\n\t\t\t\t<div class=\"elementor-widget-container\">\n\t\t\t<style>\/*! elementor - v3.17.0 - 01-11-2023 *\/\n.elementor-heading-title{padding:0;margin:0;line-height:1}.elementor-widget-heading .elementor-heading-title[class*=elementor-size-]>a{color:inherit;font-size:inherit;line-height:inherit}.elementor-widget-heading .elementor-heading-title.elementor-size-small{font-size:15px}.elementor-widget-heading .elementor-heading-title.elementor-size-medium{font-size:19px}.elementor-widget-heading .elementor-heading-title.elementor-size-large{font-size:29px}.elementor-widget-heading .elementor-heading-title.elementor-size-xl{font-size:39px}.elementor-widget-heading .elementor-heading-title.elementor-size-xxl{font-size:59px}<\/style><h2 class=\"elementor-heading-title elementor-size-default\">Agricultura, la tierra como fuente de riqueza<\/h2>\t\t<\/div>\n\t\t\t\t<\/div>\n\t\t\t\t\t<\/div>\n\t\t<\/div>\n\t\t\t\t\t\t\t<\/div>\n\t\t<\/section>\n\t\t\t\t<section class=\"elementor-section elementor-top-section elementor-element elementor-element-3d489d0 elementor-section-boxed elementor-section-height-default elementor-section-height-default\" data-id=\"3d489d0\" data-element_type=\"section\">\n\t\t\t\t\t\t<div class=\"elementor-container elementor-column-gap-default\">\n\t\t\t\t\t<div class=\"elementor-column elementor-col-100 elementor-top-column elementor-element elementor-element-6b42a54\" data-id=\"6b42a54\" data-element_type=\"column\">\n\t\t\t<div class=\"elementor-widget-wrap elementor-element-populated\">\n\t\t\t\t\t\t\t\t<div class=\"elementor-element elementor-element-5420cdd elementor-widget elementor-widget-text-editor\" data-id=\"5420cdd\" data-element_type=\"widget\" data-widget_type=\"text-editor.default\">\n\t\t\t\t<div class=\"elementor-widget-container\">\n\t\t\t\t\t\t\t<p>El sector agr\u00edcola espa\u00f1ol tambi\u00e9n es un motor econ\u00f3mico importante para el pa\u00eds. A pesar de que Espa\u00f1a ocupa solo el 6% del territorio europeo, la agricultura contribuye significativamente al PIB nacional, representando aproximadamente el 5% de la econom\u00eda espa\u00f1ola.<\/p>\t\t\t\t\t\t<\/div>\n\t\t\t\t<\/div>\n\t\t\t\t\t<\/div>\n\t\t<\/div>\n\t\t\t\t\t\t\t<\/div>\n\t\t<\/section>\n\t\t\t\t<section class=\"elementor-section elementor-top-section elementor-element elementor-element-d605dc4 elementor-section-boxed elementor-section-height-default elementor-section-height-default\" data-id=\"d605dc4\" data-element_type=\"section\">\n\t\t\t\t\t\t<div class=\"elementor-container elementor-column-gap-default\">\n\t\t\t\t\t<div class=\"elementor-column elementor-col-100 elementor-top-column elementor-element elementor-element-ec3fa7c\" data-id=\"ec3fa7c\" data-element_type=\"column\">\n\t\t\t<div class=\"elementor-widget-wrap elementor-element-populated\">\n\t\t\t\t\t\t\t\t<div class=\"elementor-element elementor-element-3b73b44 elementor-widget elementor-widget-text-editor\" data-id=\"3b73b44\" data-element_type=\"widget\" data-widget_type=\"text-editor.default\">\n\t\t\t\t<div class=\"elementor-widget-container\">\n\t\t\t\t\t\t\t<p>Las producciones agr\u00edcolas m\u00e1s destacadas en Espa\u00f1a incluyen cultivos como el trigo, el ma\u00edz, la cebada, el girasol, la aceituna, la vid y una amplia variedad de frutas. Estos productos son esenciales tanto para el mercado interno como para la exportaci\u00f3n, lo que convierte a la agricultura espa\u00f1ola en un actor clave en el \u00e1mbito internacional.<\/p>\t\t\t\t\t\t<\/div>\n\t\t\t\t<\/div>\n\t\t\t\t\t<\/div>\n\t\t<\/div>\n\t\t\t\t\t\t\t<\/div>\n\t\t<\/section>\n\t\t\t\t<section class=\"elementor-section elementor-top-section elementor-element elementor-element-fb2602e elementor-section-boxed elementor-section-height-default elementor-section-height-default\" data-id=\"fb2602e\" data-element_type=\"section\">\n\t\t\t\t\t\t<div class=\"elementor-container elementor-column-gap-default\">\n\t\t\t\t\t<div class=\"elementor-column elementor-col-100 elementor-top-column elementor-element elementor-element-1f5fdaa\" data-id=\"1f5fdaa\" data-element_type=\"column\">\n\t\t\t<div class=\"elementor-widget-wrap elementor-element-populated\">\n\t\t\t\t\t\t\t\t<div class=\"elementor-element elementor-element-3761b0b elementor-widget elementor-widget-text-editor\" data-id=\"3761b0b\" data-element_type=\"widget\" data-widget_type=\"text-editor.default\">\n\t\t\t\t<div class=\"elementor-widget-container\">\n\t\t\t\t\t\t\t<p>En t\u00e9rminos de cifras, el sector agr\u00edcola espa\u00f1ol gener\u00f3 un PIB de alrededor de 50,000 millones de euros en 2022. Adem\u00e1s, proporciona empleo directo a m\u00e1s de 1,3 millones de personas en toda Espa\u00f1a, y otros 2,5 millones de empleos indirectos est\u00e1n vinculados a actividades relacionadas con la agricultura.<\/p>\t\t\t\t\t\t<\/div>\n\t\t\t\t<\/div>\n\t\t\t\t\t<\/div>\n\t\t<\/div>\n\t\t\t\t\t\t\t<\/div>\n\t\t<\/section>\n\t\t\t\t<section class=\"elementor-section elementor-top-section elementor-element elementor-element-f3e4c9b elementor-section-boxed elementor-section-height-default elementor-section-height-default\" data-id=\"f3e4c9b\" data-element_type=\"section\">\n\t\t\t\t\t\t<div class=\"elementor-container elementor-column-gap-default\">\n\t\t\t\t\t<div class=\"elementor-column elementor-col-100 elementor-top-column elementor-element elementor-element-e092c41\" data-id=\"e092c41\" data-element_type=\"column\">\n\t\t\t<div class=\"elementor-widget-wrap elementor-element-populated\">\n\t\t\t\t\t\t\t\t<div class=\"elementor-element elementor-element-8ff1e9b elementor-widget elementor-widget-text-editor\" data-id=\"8ff1e9b\" data-element_type=\"widget\" data-widget_type=\"text-editor.default\">\n\t\t\t\t<div class=\"elementor-widget-container\">\n\t\t\t\t\t\t\t<p>No obstante, la agricultura espa\u00f1ola enfrenta retos similares a los del sector pesquero. La sostenibilidad es una preocupaci\u00f3n constante, y se requiere una gesti\u00f3n adecuada de los recursos naturales y una reducci\u00f3n del impacto medioambiental. Adem\u00e1s, la agricultura debe adaptarse a las cambiantes tendencias de consumo, como la creciente demanda de productos ecol\u00f3gicos y locales. La digitalizaci\u00f3n tambi\u00e9n se presenta como una oportunidad para mejorar la eficiencia y la competitividad en el sector agr\u00edcola.<\/p>\t\t\t\t\t\t<\/div>\n\t\t\t\t<\/div>\n\t\t\t\t\t<\/div>\n\t\t<\/div>\n\t\t\t\t\t\t\t<\/div>\n\t\t<\/section>\n\t\t\t\t<section class=\"elementor-section elementor-top-section elementor-element elementor-element-443032b elementor-section-boxed elementor-section-height-default elementor-section-height-default\" data-id=\"443032b\" data-element_type=\"section\">\n\t\t\t\t\t\t<div class=\"elementor-container elementor-column-gap-default\">\n\t\t\t\t\t<div class=\"elementor-column elementor-col-100 elementor-top-column elementor-element elementor-element-95ec2a8\" data-id=\"95ec2a8\" data-element_type=\"column\">\n\t\t\t<div class=\"elementor-widget-wrap elementor-element-populated\">\n\t\t\t\t\t\t\t\t<div class=\"elementor-element elementor-element-da5efba elementor-widget elementor-widget-text-editor\" data-id=\"da5efba\" data-element_type=\"widget\" data-widget_type=\"text-editor.default\">\n\t\t\t\t<div class=\"elementor-widget-container\">\n\t\t\t\t\t\t\t<p>Para garantizar un futuro sostenible y pr\u00f3spero, es esencial que el sector pesquero y agr\u00edcola en Espa\u00f1a contin\u00faen trabajando en soluciones que permitan abordar estos desaf\u00edos y aprovechar al m\u00e1ximo su potencial en el mercado global. Estos sectores no s\u00f3lo son fundamentales desde una perspectiva econ\u00f3mica, sino que tambi\u00e9n desempe\u00f1an un papel crucial en la seguridad alimentaria y la identidad cultural de Espa\u00f1a.<\/p>\t\t\t\t\t\t<\/div>\n\t\t\t\t<\/div>\n\t\t\t\t\t<\/div>\n\t\t<\/div>\n\t\t\t\t\t\t\t<\/div>\n\t\t<\/section>\n\t\t\t\t\t\t\t<\/div>\n\t\t","protected":false},"excerpt":{"rendered":"<p>La econom\u00eda espa\u00f1ola cuenta con dos pilares esenciales: la pesca y la agricultura. <\/p>\n","protected":false},"author":1,"featured_media":3205,"comment_status":"open","ping_status":"open","sticky":false,"template":"","format":"standard","meta":{"footnotes":""},"categories":[3],"tags":[],"post_class":"clearfix post-3200 post type-post status-publish format-standard has-post-thumbnail hentry category-consulting entry","author_meta":{"name":"blog_infoempr","url":"https://blog.infoempresa.com\/es\/author\/blog_infoempr\/"},"category_list":"<a href=\"https://blog.infoempresa.com\/es\/category\/consulting\/\" rel=\"category tag\">Consulting<\/a>","featured_image":{"source_url":"<img width=\"2560\" height=\"1440\" src=\"https://blog.infoempresa.com\/wp-content\/uploads\/2023\/11\/tomas-hertogh-eS6rqvLx7o0-unsplash-scaled.jpg\" class=\"attachment-post-thumbnail size-post-thumbnail wp-post-image\" alt=\"\" decoding=\"async\" loading=\"lazy\" srcset=\"https://blog.infoempresa.com\/wp-content\/uploads\/2023\/11\/tomas-hertogh-eS6rqvLx7o0-unsplash-scaled.jpg 2560w, https://blog.infoempresa.com\/wp-content\/uploads\/2023\/11\/tomas-hertogh-eS6rqvLx7o0-unsplash-300x169.jpg 300w, https://blog.infoempresa.com\/wp-content\/uploads\/2023\/11\/tomas-hertogh-eS6rqvLx7o0-unsplash-1024x576.jpg 1024w, https://blog.infoempresa.com\/wp-content\/uploads\/2023\/11\/tomas-hertogh-eS6rqvLx7o0-unsplash-768x432.jpg 768w, https://blog.infoempresa.com\/wp-content\/uploads\/2023\/11\/tomas-hertogh-eS6rqvLx7o0-unsplash-1536x864.jpg 1536w, https://blog.infoempresa.com\/wp-content\/uploads\/2023\/11\/tomas-hertogh-eS6rqvLx7o0-unsplash-2048x1152.jpg 2048w, https://blog.infoempresa.com\/wp-content\/uploads\/2023\/11\/tomas-hertogh-eS6rqvLx7o0-unsplash-1736x977.jpg 1736w\" sizes=\"(max-width: 2560px) 100vw, 2560px\" \/>","sizes":{"thumbnail":"<img width=\"150\" height=\"150\" src=\"https://blog.infoempresa.com\/wp-content\/uploads\/2023\/11\/tomas-hertogh-eS6rqvLx7o0-unsplash-150x150.jpg\" class=\"attachment-thumbnail size-thumbnail wp-post-image\" alt=\"\" decoding=\"async\" loading=\"lazy\" srcset=\"https://blog.infoempresa.com\/wp-content\/uploads\/2023\/11\/tomas-hertogh-eS6rqvLx7o0-unsplash-150x150.jpg 150w, https://blog.infoempresa.com\/wp-content\/uploads\/2023\/11\/tomas-hertogh-eS6rqvLx7o0-unsplash-1200x1200.jpg 1200w, https://blog.infoempresa.com\/wp-content\/uploads\/2023\/11\/tomas-hertogh-eS6rqvLx7o0-unsplash-600x600.jpg 600w\" sizes=\"(max-width: 150px) 100vw, 150px\" \/>","medium":"<img width=\"300\" height=\"169\" src=\"https://blog.infoempresa.com\/wp-content\/uploads\/2023\/11\/tomas-hertogh-eS6rqvLx7o0-unsplash-300x169.jpg\" class=\"attachment-medium size-medium wp-post-image\" alt=\"\" decoding=\"async\" loading=\"lazy\" srcset=\"https://blog.infoempresa.com\/wp-content\/uploads\/2023\/11\/tomas-hertogh-eS6rqvLx7o0-unsplash-300x169.jpg 300w, https://blog.infoempresa.com\/wp-content\/uploads\/2023\/11\/tomas-hertogh-eS6rqvLx7o0-unsplash-1024x576.jpg 1024w, https://blog.infoempresa.com\/wp-content\/uploads\/2023\/11\/tomas-hertogh-eS6rqvLx7o0-unsplash-768x432.jpg 768w, https://blog.infoempresa.com\/wp-content\/uploads\/2023\/11\/tomas-hertogh-eS6rqvLx7o0-unsplash-1536x864.jpg 1536w, https://blog.infoempresa.com\/wp-content\/uploads\/2023\/11\/tomas-hertogh-eS6rqvLx7o0-unsplash-2048x1152.jpg 2048w, https://blog.infoempresa.com\/wp-content\/uploads\/2023\/11\/tomas-hertogh-eS6rqvLx7o0-unsplash-1736x977.jpg 1736w\" sizes=\"(max-width: 300px) 100vw, 300px\" \/>","medium_large":"<img width=\"700\" height=\"394\" src=\"https://blog.infoempresa.com\/wp-content\/uploads\/2023\/11\/tomas-hertogh-eS6rqvLx7o0-unsplash-768x432.jpg\" class=\"attachment-medium_large size-medium_large wp-post-image\" alt=\"\" decoding=\"async\" loading=\"lazy\" srcset=\"https://blog.infoempresa.com\/wp-content\/uploads\/2023\/11\/tomas-hertogh-eS6rqvLx7o0-unsplash-768x432.jpg 768w, https://blog.infoempresa.com\/wp-content\/uploads\/2023\/11\/tomas-hertogh-eS6rqvLx7o0-unsplash-300x169.jpg 300w, https://blog.infoempresa.com\/wp-content\/uploads\/2023\/11\/tomas-hertogh-eS6rqvLx7o0-unsplash-1024x576.jpg 1024w, https://blog.infoempresa.com\/wp-content\/uploads\/2023\/11\/tomas-hertogh-eS6rqvLx7o0-unsplash-1536x864.jpg 1536w, https://blog.infoempresa.com\/wp-content\/uploads\/2023\/11\/tomas-hertogh-eS6rqvLx7o0-unsplash-2048x1152.jpg 2048w, https://blog.infoempresa.com\/wp-content\/uploads\/2023\/11\/tomas-hertogh-eS6rqvLx7o0-unsplash-1736x977.jpg 1736w\" sizes=\"(max-width: 700px) 100vw, 700px\" \/>","large":"<img width=\"700\" height=\"394\" src=\"https://blog.infoempresa.com\/wp-content\/uploads\/2023\/11\/tomas-hertogh-eS6rqvLx7o0-unsplash-1024x576.jpg\" class=\"attachment-large size-large wp-post-image\" alt=\"\" decoding=\"async\" loading=\"lazy\" srcset=\"https://blog.infoempresa.com\/wp-content\/uploads\/2023\/11\/tomas-hertogh-eS6rqvLx7o0-unsplash-1024x576.jpg 1024w, https://blog.infoempresa.com\/wp-content\/uploads\/2023\/11\/tomas-hertogh-eS6rqvLx7o0-unsplash-300x169.jpg 300w, https://blog.infoempresa.com\/wp-content\/uploads\/2023\/11\/tomas-hertogh-eS6rqvLx7o0-unsplash-768x432.jpg 768w, https://blog.infoempresa.com\/wp-content\/uploads\/2023\/11\/tomas-hertogh-eS6rqvLx7o0-unsplash-1536x864.jpg 1536w, https://blog.infoempresa.com\/wp-content\/uploads\/2023\/11\/tomas-hertogh-eS6rqvLx7o0-unsplash-2048x1152.jpg 2048w, https://blog.infoempresa.com\/wp-content\/uploads\/2023\/11\/tomas-hertogh-eS6rqvLx7o0-unsplash-1736x977.jpg 1736w\" sizes=\"(max-width: 700px) 100vw, 700px\" \/>","rss-image":"<img width=\"300\" height=\"169\" src=\"https://blog.infoempresa.com\/wp-content\/uploads\/2023\/11\/tomas-hertogh-eS6rqvLx7o0-unsplash-300x169.jpg\" class=\"attachment-rss-image size-rss-image wp-post-image\" alt=\"\" decoding=\"async\" loading=\"lazy\" srcset=\"https://blog.infoempresa.com\/wp-content\/uploads\/2023\/11\/tomas-hertogh-eS6rqvLx7o0-unsplash-300x169.jpg 300w, https://blog.infoempresa.com\/wp-content\/uploads\/2023\/11\/tomas-hertogh-eS6rqvLx7o0-unsplash-1024x576.jpg 1024w, https://blog.infoempresa.com\/wp-content\/uploads\/2023\/11\/tomas-hertogh-eS6rqvLx7o0-unsplash-768x432.jpg 768w, https://blog.infoempresa.com\/wp-content\/uploads\/2023\/11\/tomas-hertogh-eS6rqvLx7o0-unsplash-1536x864.jpg 1536w, https://blog.infoempresa.com\/wp-content\/uploads\/2023\/11\/tomas-hertogh-eS6rqvLx7o0-unsplash-2048x1152.jpg 2048w, https://blog.infoempresa.com\/wp-content\/uploads\/2023\/11\/tomas-hertogh-eS6rqvLx7o0-unsplash-1736x977.jpg 1736w\" sizes=\"(max-width: 300px) 100vw, 300px\" \/>","1536x1536":"<img width=\"1536\" height=\"864\" src=\"https://blog.infoempresa.com\/wp-content\/uploads\/2023\/11\/tomas-hertogh-eS6rqvLx7o0-unsplash-1536x864.jpg\" class=\"attachment-1536x1536 size-1536x1536 wp-post-image\" alt=\"\" decoding=\"async\" loading=\"lazy\" srcset=\"https://blog.infoempresa.com\/wp-content\/uploads\/2023\/11\/tomas-hertogh-eS6rqvLx7o0-unsplash-1536x864.jpg 1536w, https://blog.infoempresa.com\/wp-content\/uploads\/2023\/11\/tomas-hertogh-eS6rqvLx7o0-unsplash-300x169.jpg 300w, https://blog.infoempresa.com\/wp-content\/uploads\/2023\/11\/tomas-hertogh-eS6rqvLx7o0-unsplash-1024x576.jpg 1024w, https://blog.infoempresa.com\/wp-content\/uploads\/2023\/11\/tomas-hertogh-eS6rqvLx7o0-unsplash-768x432.jpg 768w, https://blog.infoempresa.com\/wp-content\/uploads\/2023\/11\/tomas-hertogh-eS6rqvLx7o0-unsplash-2048x1152.jpg 2048w, https://blog.infoempresa.com\/wp-content\/uploads\/2023\/11\/tomas-hertogh-eS6rqvLx7o0-unsplash-1736x977.jpg 1736w\" sizes=\"(max-width: 1536px) 100vw, 1536px\" \/>","2048x2048":"<img width=\"2048\" height=\"1152\" src=\"https://blog.infoempresa.com\/wp-content\/uploads\/2023\/11\/tomas-hertogh-eS6rqvLx7o0-unsplash-2048x1152.jpg\" class=\"attachment-2048x2048 size-2048x2048 wp-post-image\" alt=\"\" decoding=\"async\" loading=\"lazy\" srcset=\"https://blog.infoempresa.com\/wp-content\/uploads\/2023\/11\/tomas-hertogh-eS6rqvLx7o0-unsplash-2048x1152.jpg 2048w, https://blog.infoempresa.com\/wp-content\/uploads\/2023\/11\/tomas-hertogh-eS6rqvLx7o0-unsplash-300x169.jpg 300w, https://blog.infoempresa.com\/wp-content\/uploads\/2023\/11\/tomas-hertogh-eS6rqvLx7o0-unsplash-1024x576.jpg 1024w, https://blog.infoempresa.com\/wp-content\/uploads\/2023\/11\/tomas-hertogh-eS6rqvLx7o0-unsplash-768x432.jpg 768w, https://blog.infoempresa.com\/wp-content\/uploads\/2023\/11\/tomas-hertogh-eS6rqvLx7o0-unsplash-1536x864.jpg 1536w, https://blog.infoempresa.com\/wp-content\/uploads\/2023\/11\/tomas-hertogh-eS6rqvLx7o0-unsplash-1736x977.jpg 1736w\" sizes=\"(max-width: 2048px) 100vw, 2048px\" \/>","landscape":"<img width=\"1200\" height=\"800\" src=\"https://blog.infoempresa.com\/wp-content\/uploads\/2023\/11\/tomas-hertogh-eS6rqvLx7o0-unsplash-1200x800.jpg\" class=\"attachment-landscape size-landscape wp-post-image\" alt=\"\" decoding=\"async\" loading=\"lazy\" srcset=\"https://blog.infoempresa.com\/wp-content\/uploads\/2023\/11\/tomas-hertogh-eS6rqvLx7o0-unsplash-1200x800.jpg 1200w, https://blog.infoempresa.com\/wp-content\/uploads\/2023\/11\/tomas-hertogh-eS6rqvLx7o0-unsplash-600x400.jpg 600w\" sizes=\"(max-width: 1200px) 100vw, 1200px\" \/>","square":"<img width=\"1200\" height=\"1200\" src=\"https://blog.infoempresa.com\/wp-content\/uploads\/2023\/11\/tomas-hertogh-eS6rqvLx7o0-unsplash-1200x1200.jpg\" class=\"attachment-square size-square wp-post-image\" alt=\"\" decoding=\"async\" loading=\"lazy\" srcset=\"https://blog.infoempresa.com\/wp-content\/uploads\/2023\/11\/tomas-hertogh-eS6rqvLx7o0-unsplash-1200x1200.jpg 1200w, https://blog.infoempresa.com\/wp-content\/uploads\/2023\/11\/tomas-hertogh-eS6rqvLx7o0-unsplash-150x150.jpg 150w, https://blog.infoempresa.com\/wp-content\/uploads\/2023\/11\/tomas-hertogh-eS6rqvLx7o0-unsplash-600x600.jpg 600w\" sizes=\"(max-width: 1200px) 100vw, 1200px\" \/>","portrait":"<img width=\"1200\" height=\"1800\" src=\"https://blog.infoempresa.com\/wp-content\/uploads\/2023\/11\/tomas-hertogh-eS6rqvLx7o0-unsplash-1200x1800.jpg\" class=\"attachment-portrait size-portrait wp-post-image\" alt=\"\" decoding=\"async\" loading=\"lazy\" srcset=\"https://blog.infoempresa.com\/wp-content\/uploads\/2023\/11\/tomas-hertogh-eS6rqvLx7o0-unsplash-1200x1800.jpg 1200w, https://blog.infoempresa.com\/wp-content\/uploads\/2023\/11\/tomas-hertogh-eS6rqvLx7o0-unsplash-600x900.jpg 600w\" sizes=\"(max-width: 1200px) 100vw, 1200px\" \/>","landscape_medium":"<img width=\"600\" height=\"400\" src=\"https://blog.infoempresa.com\/wp-content\/uploads\/2023\/11\/tomas-hertogh-eS6rqvLx7o0-unsplash-600x400.jpg\" class=\"attachment-landscape_medium size-landscape_medium wp-post-image\" alt=\"\" decoding=\"async\" loading=\"lazy\" srcset=\"https://blog.infoempresa.com\/wp-content\/uploads\/2023\/11\/tomas-hertogh-eS6rqvLx7o0-unsplash-600x400.jpg 600w, https://blog.infoempresa.com\/wp-content\/uploads\/2023\/11\/tomas-hertogh-eS6rqvLx7o0-unsplash-1200x800.jpg 1200w\" sizes=\"(max-width: 600px) 100vw, 600px\" \/>","portrait_medium":"<img width=\"600\" height=\"900\" src=\"https://blog.infoempresa.com\/wp-content\/uploads\/2023\/11\/tomas-hertogh-eS6rqvLx7o0-unsplash-600x900.jpg\" class=\"attachment-portrait_medium size-portrait_medium wp-post-image\" alt=\"\" decoding=\"async\" loading=\"lazy\" srcset=\"https://blog.infoempresa.com\/wp-content\/uploads\/2023\/11\/tomas-hertogh-eS6rqvLx7o0-unsplash-600x900.jpg 600w, https://blog.infoempresa.com\/wp-content\/uploads\/2023\/11\/tomas-hertogh-eS6rqvLx7o0-unsplash-1200x1800.jpg 1200w\" sizes=\"(max-width: 600px) 100vw, 600px\" \/>","square_medium":"<img width=\"600\" height=\"600\" src=\"https://blog.infoempresa.com\/wp-content\/uploads\/2023\/11\/tomas-hertogh-eS6rqvLx7o0-unsplash-600x600.jpg\" class=\"attachment-square_medium size-square_medium wp-post-image\" alt=\"\" decoding=\"async\" loading=\"lazy\" srcset=\"https://blog.infoempresa.com\/wp-content\/uploads\/2023\/11\/tomas-hertogh-eS6rqvLx7o0-unsplash-600x600.jpg 600w, https://blog.infoempresa.com\/wp-content\/uploads\/2023\/11\/tomas-hertogh-eS6rqvLx7o0-unsplash-150x150.jpg 150w, https://blog.infoempresa.com\/wp-content\/uploads\/2023\/11\/tomas-hertogh-eS6rqvLx7o0-unsplash-1200x1200.jpg 1200w\" sizes=\"(max-width: 600px) 100vw, 600px\" \/>","sarmaya-featured-image":"<img width=\"1736\" height=\"977\" src=\"https://blog.infoempresa.com\/wp-content\/uploads\/2023\/11\/tomas-hertogh-eS6rqvLx7o0-unsplash-1736x977.jpg\" class=\"attachment-sarmaya-featured-image size-sarmaya-featured-image wp-post-image\" alt=\"\" decoding=\"async\" loading=\"lazy\" srcset=\"https://blog.infoempresa.com\/wp-content\/uploads\/2023\/11\/tomas-hertogh-eS6rqvLx7o0-unsplash-1736x977.jpg 1736w, https://blog.infoempresa.com\/wp-content\/uploads\/2023\/11\/tomas-hertogh-eS6rqvLx7o0-unsplash-300x169.jpg 300w, https://blog.infoempresa.com\/wp-content\/uploads\/2023\/11\/tomas-hertogh-eS6rqvLx7o0-unsplash-1024x576.jpg 1024w, https://blog.infoempresa.com\/wp-content\/uploads\/2023\/11\/tomas-hertogh-eS6rqvLx7o0-unsplash-768x432.jpg 768w, https://blog.infoempresa.com\/wp-content\/uploads\/2023\/11\/tomas-hertogh-eS6rqvLx7o0-unsplash-1536x864.jpg 1536w, https://blog.infoempresa.com\/wp-content\/uploads\/2023\/11\/tomas-hertogh-eS6rqvLx7o0-unsplash-2048x1152.jpg 2048w\" sizes=\"(max-width: 1736px) 100vw, 1736px\" \/>"}},"published_date":"noviembre 10, 2023","comments_number":"0 Comment","_links":{"self":[{"href":"https://blog.infoempresa.com\/es\/wp-json\/wp\/v2\/posts\/3200"}],"collection":[{"href":"https://blog.infoempresa.com\/es\/wp-json\/wp\/v2\/posts"}],"about":[{"href":"https://blog.infoempresa.com\/es\/wp-json\/wp\/v2\/types\/post"}],"author":[{"embeddable":true,"href":"https://blog.infoempresa.com\/es\/wp-json\/wp\/v2\/users\/1"}],"replies":[{"embeddable":true,"href":"https://blog.infoempresa.com\/es\/wp-json\/wp\/v2\/comments?post=3200"}],"version-history":[{"count":5,"href":"https://blog.infoempresa.com\/es\/wp-json\/wp\/v2\/posts\/3200\/revisions"}],"predecessor-version":[{"id":3209,"href":"https://blog.infoempresa.com\/es\/wp-json\/wp\/v2\/posts\/3200\/revisions\/3209"}],"wp:featuredmedia":[{"embeddable":true,"href":"https://blog.infoempresa.com\/es\/wp-json\/wp\/v2\/media\/3205"}],"wp:attachment":[{"href":"https://blog.infoempresa.com\/es\/wp-json\/wp\/v2\/media?parent=3200"}],"wp:term":[{"taxonomy":"category","embeddable":true,"href":"https://blog.infoempresa.com\/es\/wp-json\/wp\/v2\/categories?post=3200"},{"taxonomy":"post_tag","embeddable":true,"href":"https://blog.infoempresa.com\/es\/wp-json\/wp\/v2\/tags?post=3200"}],"curies":[{"name":"wp","href":"https:\/\/api.w.org\/{rel}","templated":true}]}}