{"id":45403,"date":"2024-07-23T08:15:14","date_gmt":"2024-07-23T08:15:14","guid":{"rendered":"https://blog.infoempresa.com\/?p=45403"},"modified":"2024-07-23T08:15:14","modified_gmt":"2024-07-23T08:15:14","slug":"claves-de-la-economa-industrial-de-espaa-al-escenario-mundial","status":"publish","type":"post","link":"https://blog.infoempresa.com\/fr\/claves-de-la-economa-industrial-de-espaa-al-escenario-mundial\/","title":{"rendered":"Les cl\u00e9s de l&rsquo;\u00e9conomie industrielle\u00a0: de l&rsquo;Espagne \u00e0 la sc\u00e8ne mondiale"},"content":{"rendered":"\t\t<div data-elementor-type=\"wp-post\" data-elementor-id=\"45403\" class=\"elementor elementor-45403\">\n\t\t\t\t\t\t\t\t\t<section class=\"elementor-section elementor-top-section elementor-element elementor-element-acf0cd6 elementor-section-boxed elementor-section-height-default elementor-section-height-default\" data-id=\"acf0cd6\" data-element_type=\"section\">\n\t\t\t\t\t\t<div class=\"elementor-container elementor-column-gap-default\">\n\t\t\t\t\t<div class=\"elementor-column elementor-col-100 elementor-top-column elementor-element elementor-element-7b735e1\" data-id=\"7b735e1\" data-element_type=\"column\">\n\t\t\t<div class=\"elementor-widget-wrap elementor-element-populated\">\n\t\t\t\t\t\t\t\t<div class=\"elementor-element elementor-element-34294fc elementor-widget elementor-widget-text-editor\" data-id=\"34294fc\" data-element_type=\"widget\" data-widget_type=\"text-editor.default\">\n\t\t\t\t<div class=\"elementor-widget-container\">\n\t\t\t<style>\/*! elementor - v3.17.0 - 01-11-2023 *\/\n.elementor-widget-text-editor.elementor-drop-cap-view-stacked .elementor-drop-cap{background-color:#69727d;color:#fff}.elementor-widget-text-editor.elementor-drop-cap-view-framed .elementor-drop-cap{color:#69727d;border:3px solid;background-color:transparent}.elementor-widget-text-editor:not(.elementor-drop-cap-view-default) .elementor-drop-cap{margin-top:8px}.elementor-widget-text-editor:not(.elementor-drop-cap-view-default) .elementor-drop-cap-letter{width:1em;height:1em}.elementor-widget-text-editor .elementor-drop-cap{float:left;text-align:center;line-height:1;font-size:50px}.elementor-widget-text-editor .elementor-drop-cap-letter{display:inline-block}<\/style>\t\t\t\t<p> <span style=\"font-weight: 400;\">L&rsquo;industrie joue un r\u00f4le fondamental dans l&rsquo;\u00e9conomie mondiale, en tant que moteur de croissance, d&rsquo;innovation et de d\u00e9veloppement dans le monde entier. Ce secteur est non seulement le moteur du progr\u00e8s technologique et de la modernisation des soci\u00e9t\u00e9s, mais il constitue \u00e9galement un pilier essentiel pour la cr\u00e9ation d&#8217;emplois et l&rsquo;am\u00e9lioration du bien-\u00eatre \u00e9conomique. Dans ce contexte, l&rsquo;industrie en Europe et en Espagne se distingue par sa diversit\u00e9 et sa capacit\u00e9 \u00e0 s&rsquo;adapter aux nouveaux d\u00e9fis du march\u00e9 mondial.<\/span> <\/p>\t\t\t\t\t\t<\/div>\n\t\t\t\t<\/div>\n\t\t\t\t\t<\/div>\n\t\t<\/div>\n\t\t\t\t\t\t\t<\/div>\n\t\t<\/section>\n\t\t\t\t<section class=\"elementor-section elementor-top-section elementor-element elementor-element-6c4e262 elementor-section-boxed elementor-section-height-default elementor-section-height-default\" data-id=\"6c4e262\" data-element_type=\"section\">\n\t\t\t\t\t\t<div class=\"elementor-container elementor-column-gap-default\">\n\t\t\t\t\t<div class=\"elementor-column elementor-col-100 elementor-top-column elementor-element elementor-element-f47affa\" data-id=\"f47affa\" data-element_type=\"column\">\n\t\t\t<div class=\"elementor-widget-wrap elementor-element-populated\">\n\t\t\t\t\t\t\t\t<div class=\"elementor-element elementor-element-d266b68 elementor-widget elementor-widget-text-editor\" data-id=\"d266b68\" data-element_type=\"widget\" data-widget_type=\"text-editor.default\">\n\t\t\t\t<div class=\"elementor-widget-container\">\n\t\t\t\t\t\t\t<p> <span style=\"font-weight: 400;\">\u00c0 l&rsquo;\u00e9chelle mondiale, l&rsquo;industrie manufacturi\u00e8re est responsable d&rsquo;une part importante du produit int\u00e9rieur brut (PIB) de nombreuses \u00e9conomies. Cette pertinence se refl\u00e8te dans la mani\u00e8re dont les pays industrialis\u00e9s, tels que ceux d&rsquo;Europe, ont atteint des niveaux \u00e9lev\u00e9s de revenu par habitant et de niveau de vie. L&rsquo;industrie fabrique non seulement des biens de consommation et des machines, mais elle stimule \u00e9galement l&rsquo;innovation en d\u00e9veloppant de nouvelles technologies et en am\u00e9liorant les technologies existantes, ce qui est essentiel pour la comp\u00e9titivit\u00e9 dans l&rsquo;\u00e9conomie de la connaissance.<\/span> <\/p>\t\t\t\t\t\t<\/div>\n\t\t\t\t<\/div>\n\t\t\t\t\t<\/div>\n\t\t<\/div>\n\t\t\t\t\t\t\t<\/div>\n\t\t<\/section>\n\t\t\t\t<section class=\"elementor-section elementor-top-section elementor-element elementor-element-6c1ae2b elementor-section-boxed elementor-section-height-default elementor-section-height-default\" data-id=\"6c1ae2b\" data-element_type=\"section\">\n\t\t\t\t\t\t<div class=\"elementor-container elementor-column-gap-default\">\n\t\t\t\t\t<div class=\"elementor-column elementor-col-100 elementor-top-column elementor-element elementor-element-da7f48a\" data-id=\"da7f48a\" data-element_type=\"column\">\n\t\t\t<div class=\"elementor-widget-wrap elementor-element-populated\">\n\t\t\t\t\t\t\t\t<div class=\"elementor-element elementor-element-d1c7375 elementor-widget elementor-widget-text-editor\" data-id=\"d1c7375\" data-element_type=\"widget\" data-widget_type=\"text-editor.default\">\n\t\t\t\t<div class=\"elementor-widget-container\">\n\t\t\t\t\t\t\t<p> <span style=\"font-weight: 400;\">En Europe, l&rsquo;industrie a toujours \u00e9t\u00e9 un secteur cl\u00e9, en particulier dans des pays tels que l&rsquo;Allemagne, l&rsquo;Italie et la France, qui sont connus pour leur fabrication de pointe, automobile et de luxe. Les politiques de l&rsquo;Union europ\u00e9enne (UE) ont fortement soutenu l&rsquo;innovation et la durabilit\u00e9 dans le secteur industriel, en promouvant la transition vers la num\u00e9risation et la durabilit\u00e9 dans le cadre de la strat\u00e9gie d&rsquo;\u00e9conomie verte. Cela se refl\u00e8te dans l&rsquo;importance croissante des \u00e9nergies renouvelables, de l&rsquo;efficacit\u00e9 \u00e9nerg\u00e9tique et de l&rsquo;\u00e9conomie circulaire, qui red\u00e9finissent le paysage industriel du continent<\/span>. <\/p>\t\t\t\t\t\t<\/div>\n\t\t\t\t<\/div>\n\t\t\t\t\t<\/div>\n\t\t<\/div>\n\t\t\t\t\t\t\t<\/div>\n\t\t<\/section>\n\t\t\t\t<section class=\"elementor-section elementor-top-section elementor-element elementor-element-25ab63c elementor-section-boxed elementor-section-height-default elementor-section-height-default\" data-id=\"25ab63c\" data-element_type=\"section\">\n\t\t\t\t\t\t<div class=\"elementor-container elementor-column-gap-default\">\n\t\t\t\t\t<div class=\"elementor-column elementor-col-100 elementor-top-column elementor-element elementor-element-27ff4e2\" data-id=\"27ff4e2\" data-element_type=\"column\">\n\t\t\t<div class=\"elementor-widget-wrap elementor-element-populated\">\n\t\t\t\t\t\t\t\t<div class=\"elementor-element elementor-element-8aa07af elementor-widget elementor-widget-text-editor\" data-id=\"8aa07af\" data-element_type=\"widget\" data-widget_type=\"text-editor.default\">\n\t\t\t\t<div class=\"elementor-widget-container\">\n\t\t\t\t\t\t\t<p> <span style=\"font-weight: 400;\">L&rsquo;Espagne, dans ce contexte europ\u00e9en, a d\u00e9velopp\u00e9 un secteur industriel diversifi\u00e9 qui va de l&rsquo;automobile et de l&rsquo;a\u00e9ronautique \u00e0 la mode et aux \u00e9nergies renouvelables. L&rsquo;industrie espagnole est non seulement cruciale pour son \u00e9conomie nationale, car elle contribue de mani\u00e8re significative au PIB national, mais elle est \u00e9galement un acteur important sur le march\u00e9 international. Les entreprises espagnoles ont r\u00e9ussi non seulement \u00e0 dominer leurs secteurs respectifs au niveau local, mais \u00e9galement \u00e0 \u00eatre comp\u00e9titives au niveau mondial, en profitant de la cha\u00eene de valeur mondiale et en y contribuant.<\/span> <\/p>\t\t\t\t\t\t<\/div>\n\t\t\t\t<\/div>\n\t\t\t\t\t<\/div>\n\t\t<\/div>\n\t\t\t\t\t\t\t<\/div>\n\t\t<\/section>\n\t\t\t\t<section class=\"elementor-section elementor-top-section elementor-element elementor-element-cb40b5b elementor-section-boxed elementor-section-height-default elementor-section-height-default\" data-id=\"cb40b5b\" data-element_type=\"section\">\n\t\t\t\t\t\t<div class=\"elementor-container elementor-column-gap-default\">\n\t\t\t\t\t<div class=\"elementor-column elementor-col-100 elementor-top-column elementor-element elementor-element-6b2b9a7\" data-id=\"6b2b9a7\" data-element_type=\"column\">\n\t\t\t<div class=\"elementor-widget-wrap elementor-element-populated\">\n\t\t\t\t\t\t\t\t<div class=\"elementor-element elementor-element-5419b6e elementor-widget elementor-widget-text-editor\" data-id=\"5419b6e\" data-element_type=\"widget\" data-widget_type=\"text-editor.default\">\n\t\t\t\t<div class=\"elementor-widget-container\">\n\t\t\t\t\t\t\t<p> <span style=\"font-weight: 400;\">Dans le secteur de l&rsquo;\u00e9nergie,<\/span> <a href=\"https:\/\/www.infoempresa.com\/es-es\/es\/empresa\/iberdrola-sa\"><b>Iberdrola<\/b><\/a> <span style=\"font-weight: 400;\">est l&rsquo;un des leaders de l&rsquo;\u00e9lectricit\u00e9 en Espagne et l&rsquo;un des plus importants au monde dans le domaine des \u00e9nergies renouvelables, avec un chiffre d&rsquo;affaires de 39 872 millions d&rsquo;euros en 2022. Sa pr\u00e9sence dans plus de 30 pays souligne son engagement en faveur du d\u00e9veloppement durable. D&rsquo;autre part,<\/span> <a href=\"https:\/\/www.infoempresa.com\/es-es\/es\/empresa\/repsol-sa\"><b>Repsol<\/b><\/a><span style=\"font-weight: 400;\">, avec des activit\u00e9s dans plus de 35 pays et un chiffre d&rsquo;affaires de 76,756 millions d&rsquo;euros, domine le secteur des hydrocarbures, excellant dans l&rsquo;exploration, la production et la<\/span> commercialisation de p\u00e9trole et de gaz. <\/p>\t\t\t\t\t\t<\/div>\n\t\t\t\t<\/div>\n\t\t\t\t\t<\/div>\n\t\t<\/div>\n\t\t\t\t\t\t\t<\/div>\n\t\t<\/section>\n\t\t\t\t<section class=\"elementor-section elementor-top-section elementor-element elementor-element-290cea3 elementor-section-boxed elementor-section-height-default elementor-section-height-default\" data-id=\"290cea3\" data-element_type=\"section\">\n\t\t\t\t\t\t<div class=\"elementor-container elementor-column-gap-default\">\n\t\t\t\t\t<div class=\"elementor-column elementor-col-100 elementor-top-column elementor-element elementor-element-77b3f07\" data-id=\"77b3f07\" data-element_type=\"column\">\n\t\t\t<div class=\"elementor-widget-wrap elementor-element-populated\">\n\t\t\t\t\t\t\t\t<div class=\"elementor-element elementor-element-fbf059e elementor-widget elementor-widget-text-editor\" data-id=\"fbf059e\" data-element_type=\"widget\" data-widget_type=\"text-editor.default\">\n\t\t\t\t<div class=\"elementor-widget-container\">\n\t\t\t\t\t\t\t<p> <span style=\"font-weight: 400;\">Le secteur de la fabrication de mat\u00e9riel de transport est \u00e9galement remarquable, avec des entreprises telles qu&rsquo;<a href=\"https:\/\/www.infoempresa.com\/es-es\/es\/empresa\/airbus-operations-sl\"><b>Airbus<\/b><\/a>,<\/span> <span style=\"font-weight: 400;\">l&rsquo;un des plus grands constructeurs a\u00e9ronautiques du monde, qui g\u00e9n\u00e8re un chiffre d&rsquo;affaires de 52,147 millions d&rsquo;euros et emploie 134 000 personnes dans<\/span> plus de 60 pays. <a href=\"https:\/\/www.infoempresa.com\/es-es\/es\/empresa\/navantia-sa-sme\"><b>Navantia<\/b><\/a><span style=\"font-weight: 400;\">, sp\u00e9cialis\u00e9e dans la construction navale, et <b>CAF<\/b>, qui con\u00e7oit et<\/span> <span style=\"font-weight: 400;\">fabrique des trains et d&rsquo;autres v\u00e9hicules de transport, soulignent \u00e9galement la capacit\u00e9 de l&rsquo;Espagne \u00e0 fabriquer des \u00e9quipements de transport de pointe<\/span>. <\/p>\t\t\t\t\t\t<\/div>\n\t\t\t\t<\/div>\n\t\t\t\t\t<\/div>\n\t\t<\/div>\n\t\t\t\t\t\t\t<\/div>\n\t\t<\/section>\n\t\t\t\t<section class=\"elementor-section elementor-top-section elementor-element elementor-element-2ae1f4d elementor-section-boxed elementor-section-height-default elementor-section-height-default\" data-id=\"2ae1f4d\" data-element_type=\"section\">\n\t\t\t\t\t\t<div class=\"elementor-container elementor-column-gap-default\">\n\t\t\t\t\t<div class=\"elementor-column elementor-col-100 elementor-top-column elementor-element elementor-element-ed63c4f\" data-id=\"ed63c4f\" data-element_type=\"column\">\n\t\t\t<div class=\"elementor-widget-wrap elementor-element-populated\">\n\t\t\t\t\t\t\t\t<div class=\"elementor-element elementor-element-5521bbd elementor-widget elementor-widget-text-editor\" data-id=\"5521bbd\" data-element_type=\"widget\" data-widget_type=\"text-editor.default\">\n\t\t\t\t<div class=\"elementor-widget-container\">\n\t\t\t\t\t\t\t<p> <span style=\"font-weight: 400;\">Dans le secteur de la construction et des services,<\/span> <b>ACS<\/b> <span style=\"font-weight: 400;\">se positionne comme l&rsquo;une des plus grandes entreprises du monde, avec des activit\u00e9s dans plus de 30 pays et un chiffre d&rsquo;affaires de 38,906 millions d&rsquo;euros. Ce groupe a jou\u00e9 un r\u00f4le crucial dans le d\u00e9veloppement des infrastructures au niveau international, se distinguant par sa capacit\u00e9 \u00e0 r\u00e9aliser des projets complexes dans des environnements divers.<\/span> <\/p>\t\t\t\t\t\t<\/div>\n\t\t\t\t<\/div>\n\t\t\t\t\t<\/div>\n\t\t<\/div>\n\t\t\t\t\t\t\t<\/div>\n\t\t<\/section>\n\t\t\t\t<section class=\"elementor-section elementor-top-section elementor-element elementor-element-e62381a elementor-section-boxed elementor-section-height-default elementor-section-height-default\" data-id=\"e62381a\" data-element_type=\"section\">\n\t\t\t\t\t\t<div class=\"elementor-container elementor-column-gap-default\">\n\t\t\t\t\t<div class=\"elementor-column elementor-col-100 elementor-top-column elementor-element elementor-element-37b8316\" data-id=\"37b8316\" data-element_type=\"column\">\n\t\t\t<div class=\"elementor-widget-wrap elementor-element-populated\">\n\t\t\t\t\t\t\t\t<div class=\"elementor-element elementor-element-f0ec105 elementor-widget elementor-widget-text-editor\" data-id=\"f0ec105\" data-element_type=\"widget\" data-widget_type=\"text-editor.default\">\n\t\t\t\t<div class=\"elementor-widget-container\">\n\t\t\t\t\t\t\t<p> <span style=\"font-weight: 400;\">Le secteur automobile est \u00e9galement un pilier important de l&rsquo;industrie espagnole, <a href=\"https:\/\/www.infoempresa.com\/es-es\/es\/empresa\/cie-automotive-sa\"><b>CIE Automotive<\/b><\/a> <span style=\"font-weight: 400;\">et<\/span> <b>Gestamp<\/b> \u00e9tant<\/span> <span style=\"font-weight: 400;\">sp\u00e9cialis\u00e9es dans la fabrication de composants. CIE Automotive a g\u00e9n\u00e9r\u00e9 8,225 millions d&rsquo;euros. Les deux entreprises mettent en avant la capacit\u00e9 d&rsquo;innovation et de production de l&rsquo;Espagne dans l&rsquo;industrie automobile, marquant ainsi la pr\u00e9sence du pays dans plus de 20 pays.<\/span> <\/p>\t\t\t\t\t\t<\/div>\n\t\t\t\t<\/div>\n\t\t\t\t\t<\/div>\n\t\t<\/div>\n\t\t\t\t\t\t\t<\/div>\n\t\t<\/section>\n\t\t\t\t<section class=\"elementor-section elementor-top-section elementor-element elementor-element-8ffd721 elementor-section-boxed elementor-section-height-default elementor-section-height-default\" data-id=\"8ffd721\" data-element_type=\"section\">\n\t\t\t\t\t\t<div class=\"elementor-container elementor-column-gap-default\">\n\t\t\t\t\t<div class=\"elementor-column elementor-col-100 elementor-top-column elementor-element elementor-element-a0d5b7f\" data-id=\"a0d5b7f\" data-element_type=\"column\">\n\t\t\t<div class=\"elementor-widget-wrap elementor-element-populated\">\n\t\t\t\t\t\t\t\t<div class=\"elementor-element elementor-element-5dddb64 elementor-widget elementor-widget-text-editor\" data-id=\"5dddb64\" data-element_type=\"widget\" data-widget_type=\"text-editor.default\">\n\t\t\t\t<div class=\"elementor-widget-container\">\n\t\t\t\t\t\t\t<p> <span style=\"font-weight: 400;\">Enfin, dans le secteur de l&rsquo;acier,<\/span> <a href=\"https:\/\/www.infoempresa.com\/es-es\/es\/empresa\/acerinox-sa\"><b>Acerinox<\/b><\/a> <span style=\"font-weight: 400;\">est un leader dans la production d&rsquo;acier inoxydable, avec un chiffre d&rsquo;affaires de 13 662 millions d&rsquo;euros et employant 8 000 personnes. Ce g\u00e9ant industriel montre non seulement la force de l&rsquo;Espagne dans le domaine de la m\u00e9tallurgie, mais il se distingue \u00e9galement par son impact sur l&rsquo;\u00e9conomie mondiale<\/span>. <\/p>\t\t\t\t\t\t<\/div>\n\t\t\t\t<\/div>\n\t\t\t\t\t<\/div>\n\t\t<\/div>\n\t\t\t\t\t\t\t<\/div>\n\t\t<\/section>\n\t\t\t\t<section class=\"elementor-section elementor-top-section elementor-element elementor-element-6db0ad6 elementor-section-boxed elementor-section-height-default elementor-section-height-default\" data-id=\"6db0ad6\" data-element_type=\"section\">\n\t\t\t\t\t\t<div class=\"elementor-container elementor-column-gap-default\">\n\t\t\t\t\t<div class=\"elementor-column elementor-col-100 elementor-top-column elementor-element elementor-element-2312019\" data-id=\"2312019\" data-element_type=\"column\">\n\t\t\t<div class=\"elementor-widget-wrap elementor-element-populated\">\n\t\t\t\t\t\t\t\t<div class=\"elementor-element elementor-element-d3a8ae3 elementor-widget elementor-widget-text-editor\" data-id=\"d3a8ae3\" data-element_type=\"widget\" data-widget_type=\"text-editor.default\">\n\t\t\t\t<div class=\"elementor-widget-container\">\n\t\t\t\t\t\t\t<p> <span style=\"font-weight: 400;\">L&rsquo;industrie espagnole continue d&rsquo;\u00eatre l&rsquo;un des principaux moteurs de la croissance \u00e9conomique du pays, contribuant de mani\u00e8re significative \u00e0 l&#8217;emploi, \u00e0 l&rsquo;innovation et \u00e0 la cr\u00e9ation de richesse. Alors que nous sommes confront\u00e9s \u00e0 des d\u00e9fis mondiaux tels que le changement climatique et la transformation num\u00e9rique, la capacit\u00e9 du secteur \u00e0 s&rsquo;adapter et \u00e0 \u00eatre \u00e0 la pointe dans ces domaines sera essentielle pour garantir une croissance durable et comp\u00e9titive \u00e0 l&rsquo;avenir.<\/span> <\/p>\t\t\t\t\t\t<\/div>\n\t\t\t\t<\/div>\n\t\t\t\t\t<\/div>\n\t\t<\/div>\n\t\t\t\t\t\t\t<\/div>\n\t\t<\/section>\n\t\t\t\t\t\t\t<\/div>\n\t\t","protected":false},"excerpt":{"rendered":"<p>L&rsquo;industrie joue un r\u00f4le fondamental dans l&rsquo;\u00e9conomie mondiale, en tant que moteur de croissance, d&rsquo;innovation et de d\u00e9veloppement dans le monde entier. Ce secteur est non seulement le moteur du progr\u00e8s technologique et de la modernisation des soci\u00e9t\u00e9s, mais il constitue \u00e9galement un pilier essentiel pour la cr\u00e9ation d&#8217;emplois et l&rsquo;am\u00e9lioration du bien-\u00eatre \u00e9conomique.<\/p>\n","protected":false},"author":1,"featured_media":23239,"comment_status":"open","ping_status":"open","sticky":false,"template":"","format":"standard","meta":{"footnotes":""},"categories":[2,5],"tags":[],"post_class":"clearfix post-45403 post type-post status-publish format-standard has-post-thumbnail hentry category-business category-finance entry","author_meta":{"name":"blog_infoempr","url":"https://blog.infoempresa.com\/fr\/author\/blog_infoempr\/"},"category_list":"<a href=\"https://blog.infoempresa.com\/es\/category\/business\/\" rel=\"category tag\">Business<\/a>&nbsp;<a href=\"https://blog.infoempresa.com\/es\/category\/finance\/\" rel=\"category tag\">Finance<\/a>","featured_image":{"source_url":"<img width=\"2560\" height=\"1707\" src=\"https://blog.infoempresa.com\/wp-content\/uploads\/2024\/06\/claves-economia-industrial-scaled.jpg\" class=\"attachment-post-thumbnail size-post-thumbnail wp-post-image\" alt=\"\" decoding=\"async\" loading=\"lazy\" srcset=\"https://blog.infoempresa.com\/wp-content\/uploads\/2024\/06\/claves-economia-industrial-scaled.jpg 2560w, https://blog.infoempresa.com\/wp-content\/uploads\/2024\/06\/claves-economia-industrial-300x200.jpg 300w, https://blog.infoempresa.com\/wp-content\/uploads\/2024\/06\/claves-economia-industrial-1024x683.jpg 1024w, https://blog.infoempresa.com\/wp-content\/uploads\/2024\/06\/claves-economia-industrial-768x512.jpg 768w, https://blog.infoempresa.com\/wp-content\/uploads\/2024\/06\/claves-economia-industrial-1536x1024.jpg 1536w, https://blog.infoempresa.com\/wp-content\/uploads\/2024\/06\/claves-economia-industrial-2048x1365.jpg 2048w, https://blog.infoempresa.com\/wp-content\/uploads\/2024\/06\/claves-economia-industrial-1200x800.jpg 1200w, https://blog.infoempresa.com\/wp-content\/uploads\/2024\/06\/claves-economia-industrial-600x400.jpg 600w, https://blog.infoempresa.com\/wp-content\/uploads\/2024\/06\/claves-economia-industrial-1736x1157.jpg 1736w\" sizes=\"(max-width: 2560px) 100vw, 2560px\" \/>","sizes":{"thumbnail":"<img width=\"150\" height=\"150\" src=\"https://blog.infoempresa.com\/wp-content\/uploads\/2024\/06\/claves-economia-industrial-150x150.jpg\" class=\"attachment-thumbnail size-thumbnail wp-post-image\" alt=\"\" decoding=\"async\" loading=\"lazy\" srcset=\"https://blog.infoempresa.com\/wp-content\/uploads\/2024\/06\/claves-economia-industrial-150x150.jpg 150w, https://blog.infoempresa.com\/wp-content\/uploads\/2024\/06\/claves-economia-industrial-1200x1200.jpg 1200w, https://blog.infoempresa.com\/wp-content\/uploads\/2024\/06\/claves-economia-industrial-600x600.jpg 600w\" sizes=\"(max-width: 150px) 100vw, 150px\" \/>","medium":"<img width=\"300\" height=\"200\" src=\"https://blog.infoempresa.com\/wp-content\/uploads\/2024\/06\/claves-economia-industrial-300x200.jpg\" class=\"attachment-medium size-medium wp-post-image\" alt=\"\" decoding=\"async\" loading=\"lazy\" srcset=\"https://blog.infoempresa.com\/wp-content\/uploads\/2024\/06\/claves-economia-industrial-300x200.jpg 300w, https://blog.infoempresa.com\/wp-content\/uploads\/2024\/06\/claves-economia-industrial-1024x683.jpg 1024w, https://blog.infoempresa.com\/wp-content\/uploads\/2024\/06\/claves-economia-industrial-768x512.jpg 768w, https://blog.infoempresa.com\/wp-content\/uploads\/2024\/06\/claves-economia-industrial-1536x1024.jpg 1536w, https://blog.infoempresa.com\/wp-content\/uploads\/2024\/06\/claves-economia-industrial-2048x1365.jpg 2048w, https://blog.infoempresa.com\/wp-content\/uploads\/2024\/06\/claves-economia-industrial-1200x800.jpg 1200w, https://blog.infoempresa.com\/wp-content\/uploads\/2024\/06\/claves-economia-industrial-600x400.jpg 600w, https://blog.infoempresa.com\/wp-content\/uploads\/2024\/06\/claves-economia-industrial-1736x1157.jpg 1736w\" sizes=\"(max-width: 300px) 100vw, 300px\" \/>","medium_large":"<img width=\"700\" height=\"467\" src=\"https://blog.infoempresa.com\/wp-content\/uploads\/2024\/06\/claves-economia-industrial-768x512.jpg\" class=\"attachment-medium_large size-medium_large wp-post-image\" alt=\"\" decoding=\"async\" loading=\"lazy\" srcset=\"https://blog.infoempresa.com\/wp-content\/uploads\/2024\/06\/claves-economia-industrial-768x512.jpg 768w, https://blog.infoempresa.com\/wp-content\/uploads\/2024\/06\/claves-economia-industrial-300x200.jpg 300w, https://blog.infoempresa.com\/wp-content\/uploads\/2024\/06\/claves-economia-industrial-1024x683.jpg 1024w, https://blog.infoempresa.com\/wp-content\/uploads\/2024\/06\/claves-economia-industrial-1536x1024.jpg 1536w, https://blog.infoempresa.com\/wp-content\/uploads\/2024\/06\/claves-economia-industrial-2048x1365.jpg 2048w, https://blog.infoempresa.com\/wp-content\/uploads\/2024\/06\/claves-economia-industrial-1200x800.jpg 1200w, https://blog.infoempresa.com\/wp-content\/uploads\/2024\/06\/claves-economia-industrial-600x400.jpg 600w, https://blog.infoempresa.com\/wp-content\/uploads\/2024\/06\/claves-economia-industrial-1736x1157.jpg 1736w\" sizes=\"(max-width: 700px) 100vw, 700px\" \/>","large":"<img width=\"700\" height=\"467\" src=\"https://blog.infoempresa.com\/wp-content\/uploads\/2024\/06\/claves-economia-industrial-1024x683.jpg\" class=\"attachment-large size-large wp-post-image\" alt=\"\" decoding=\"async\" loading=\"lazy\" srcset=\"https://blog.infoempresa.com\/wp-content\/uploads\/2024\/06\/claves-economia-industrial-1024x683.jpg 1024w, https://blog.infoempresa.com\/wp-content\/uploads\/2024\/06\/claves-economia-industrial-300x200.jpg 300w, https://blog.infoempresa.com\/wp-content\/uploads\/2024\/06\/claves-economia-industrial-768x512.jpg 768w, https://blog.infoempresa.com\/wp-content\/uploads\/2024\/06\/claves-economia-industrial-1536x1024.jpg 1536w, https://blog.infoempresa.com\/wp-content\/uploads\/2024\/06\/claves-economia-industrial-2048x1365.jpg 2048w, https://blog.infoempresa.com\/wp-content\/uploads\/2024\/06\/claves-economia-industrial-1200x800.jpg 1200w, https://blog.infoempresa.com\/wp-content\/uploads\/2024\/06\/claves-economia-industrial-600x400.jpg 600w, https://blog.infoempresa.com\/wp-content\/uploads\/2024\/06\/claves-economia-industrial-1736x1157.jpg 1736w\" sizes=\"(max-width: 700px) 100vw, 700px\" \/>","rss-image":"<img width=\"300\" height=\"200\" src=\"https://blog.infoempresa.com\/wp-content\/uploads\/2024\/06\/claves-economia-industrial-300x200.jpg\" class=\"attachment-rss-image size-rss-image wp-post-image\" alt=\"\" decoding=\"async\" loading=\"lazy\" srcset=\"https://blog.infoempresa.com\/wp-content\/uploads\/2024\/06\/claves-economia-industrial-300x200.jpg 300w, https://blog.infoempresa.com\/wp-content\/uploads\/2024\/06\/claves-economia-industrial-1024x683.jpg 1024w, https://blog.infoempresa.com\/wp-content\/uploads\/2024\/06\/claves-economia-industrial-768x512.jpg 768w, https://blog.infoempresa.com\/wp-content\/uploads\/2024\/06\/claves-economia-industrial-1536x1024.jpg 1536w, https://blog.infoempresa.com\/wp-content\/uploads\/2024\/06\/claves-economia-industrial-2048x1365.jpg 2048w, https://blog.infoempresa.com\/wp-content\/uploads\/2024\/06\/claves-economia-industrial-1200x800.jpg 1200w, https://blog.infoempresa.com\/wp-content\/uploads\/2024\/06\/claves-economia-industrial-600x400.jpg 600w, https://blog.infoempresa.com\/wp-content\/uploads\/2024\/06\/claves-economia-industrial-1736x1157.jpg 1736w\" sizes=\"(max-width: 300px) 100vw, 300px\" \/>","1536x1536":"<img width=\"1536\" height=\"1024\" src=\"https://blog.infoempresa.com\/wp-content\/uploads\/2024\/06\/claves-economia-industrial-1536x1024.jpg\" class=\"attachment-1536x1536 size-1536x1536 wp-post-image\" alt=\"\" decoding=\"async\" loading=\"lazy\" srcset=\"https://blog.infoempresa.com\/wp-content\/uploads\/2024\/06\/claves-economia-industrial-1536x1024.jpg 1536w, https://blog.infoempresa.com\/wp-content\/uploads\/2024\/06\/claves-economia-industrial-300x200.jpg 300w, https://blog.infoempresa.com\/wp-content\/uploads\/2024\/06\/claves-economia-industrial-1024x683.jpg 1024w, https://blog.infoempresa.com\/wp-content\/uploads\/2024\/06\/claves-economia-industrial-768x512.jpg 768w, https://blog.infoempresa.com\/wp-content\/uploads\/2024\/06\/claves-economia-industrial-2048x1365.jpg 2048w, https://blog.infoempresa.com\/wp-content\/uploads\/2024\/06\/claves-economia-industrial-1200x800.jpg 1200w, https://blog.infoempresa.com\/wp-content\/uploads\/2024\/06\/claves-economia-industrial-600x400.jpg 600w, https://blog.infoempresa.com\/wp-content\/uploads\/2024\/06\/claves-economia-industrial-1736x1157.jpg 1736w\" sizes=\"(max-width: 1536px) 100vw, 1536px\" \/>","2048x2048":"<img width=\"2048\" height=\"1365\" src=\"https://blog.infoempresa.com\/wp-content\/uploads\/2024\/06\/claves-economia-industrial-2048x1365.jpg\" class=\"attachment-2048x2048 size-2048x2048 wp-post-image\" alt=\"\" decoding=\"async\" loading=\"lazy\" srcset=\"https://blog.infoempresa.com\/wp-content\/uploads\/2024\/06\/claves-economia-industrial-2048x1365.jpg 2048w, https://blog.infoempresa.com\/wp-content\/uploads\/2024\/06\/claves-economia-industrial-300x200.jpg 300w, https://blog.infoempresa.com\/wp-content\/uploads\/2024\/06\/claves-economia-industrial-1024x683.jpg 1024w, https://blog.infoempresa.com\/wp-content\/uploads\/2024\/06\/claves-economia-industrial-768x512.jpg 768w, https://blog.infoempresa.com\/wp-content\/uploads\/2024\/06\/claves-economia-industrial-1536x1024.jpg 1536w, https://blog.infoempresa.com\/wp-content\/uploads\/2024\/06\/claves-economia-industrial-1200x800.jpg 1200w, https://blog.infoempresa.com\/wp-content\/uploads\/2024\/06\/claves-economia-industrial-600x400.jpg 600w, https://blog.infoempresa.com\/wp-content\/uploads\/2024\/06\/claves-economia-industrial-1736x1157.jpg 1736w\" sizes=\"(max-width: 2048px) 100vw, 2048px\" \/>","landscape":"<img width=\"1200\" height=\"800\" src=\"https://blog.infoempresa.com\/wp-content\/uploads\/2024\/06\/claves-economia-industrial-1200x800.jpg\" class=\"attachment-landscape size-landscape wp-post-image\" alt=\"\" decoding=\"async\" loading=\"lazy\" srcset=\"https://blog.infoempresa.com\/wp-content\/uploads\/2024\/06\/claves-economia-industrial-1200x800.jpg 1200w, https://blog.infoempresa.com\/wp-content\/uploads\/2024\/06\/claves-economia-industrial-300x200.jpg 300w, https://blog.infoempresa.com\/wp-content\/uploads\/2024\/06\/claves-economia-industrial-1024x683.jpg 1024w, https://blog.infoempresa.com\/wp-content\/uploads\/2024\/06\/claves-economia-industrial-768x512.jpg 768w, https://blog.infoempresa.com\/wp-content\/uploads\/2024\/06\/claves-economia-industrial-1536x1024.jpg 1536w, https://blog.infoempresa.com\/wp-content\/uploads\/2024\/06\/claves-economia-industrial-2048x1365.jpg 2048w, https://blog.infoempresa.com\/wp-content\/uploads\/2024\/06\/claves-economia-industrial-600x400.jpg 600w, https://blog.infoempresa.com\/wp-content\/uploads\/2024\/06\/claves-economia-industrial-1736x1157.jpg 1736w\" sizes=\"(max-width: 1200px) 100vw, 1200px\" \/>","square":"<img width=\"1200\" height=\"1200\" src=\"https://blog.infoempresa.com\/wp-content\/uploads\/2024\/06\/claves-economia-industrial-1200x1200.jpg\" class=\"attachment-square size-square wp-post-image\" alt=\"\" decoding=\"async\" loading=\"lazy\" srcset=\"https://blog.infoempresa.com\/wp-content\/uploads\/2024\/06\/claves-economia-industrial-1200x1200.jpg 1200w, https://blog.infoempresa.com\/wp-content\/uploads\/2024\/06\/claves-economia-industrial-150x150.jpg 150w, https://blog.infoempresa.com\/wp-content\/uploads\/2024\/06\/claves-economia-industrial-600x600.jpg 600w\" sizes=\"(max-width: 1200px) 100vw, 1200px\" \/>","portrait":"<img width=\"1200\" height=\"1800\" src=\"https://blog.infoempresa.com\/wp-content\/uploads\/2024\/06\/claves-economia-industrial-1200x1800.jpg\" class=\"attachment-portrait size-portrait wp-post-image\" alt=\"\" decoding=\"async\" loading=\"lazy\" srcset=\"https://blog.infoempresa.com\/wp-content\/uploads\/2024\/06\/claves-economia-industrial-1200x1800.jpg 1200w, https://blog.infoempresa.com\/wp-content\/uploads\/2024\/06\/claves-economia-industrial-600x900.jpg 600w\" sizes=\"(max-width: 1200px) 100vw, 1200px\" \/>","landscape_medium":"<img width=\"600\" height=\"400\" src=\"https://blog.infoempresa.com\/wp-content\/uploads\/2024\/06\/claves-economia-industrial-600x400.jpg\" class=\"attachment-landscape_medium size-landscape_medium wp-post-image\" alt=\"\" decoding=\"async\" loading=\"lazy\" srcset=\"https://blog.infoempresa.com\/wp-content\/uploads\/2024\/06\/claves-economia-industrial-600x400.jpg 600w, https://blog.infoempresa.com\/wp-content\/uploads\/2024\/06\/claves-economia-industrial-300x200.jpg 300w, https://blog.infoempresa.com\/wp-content\/uploads\/2024\/06\/claves-economia-industrial-1024x683.jpg 1024w, https://blog.infoempresa.com\/wp-content\/uploads\/2024\/06\/claves-economia-industrial-768x512.jpg 768w, https://blog.infoempresa.com\/wp-content\/uploads\/2024\/06\/claves-economia-industrial-1536x1024.jpg 1536w, https://blog.infoempresa.com\/wp-content\/uploads\/2024\/06\/claves-economia-industrial-2048x1365.jpg 2048w, https://blog.infoempresa.com\/wp-content\/uploads\/2024\/06\/claves-economia-industrial-1200x800.jpg 1200w, https://blog.infoempresa.com\/wp-content\/uploads\/2024\/06\/claves-economia-industrial-1736x1157.jpg 1736w\" sizes=\"(max-width: 600px) 100vw, 600px\" \/>","portrait_medium":"<img width=\"600\" height=\"900\" src=\"https://blog.infoempresa.com\/wp-content\/uploads\/2024\/06\/claves-economia-industrial-600x900.jpg\" class=\"attachment-portrait_medium size-portrait_medium wp-post-image\" alt=\"\" decoding=\"async\" loading=\"lazy\" srcset=\"https://blog.infoempresa.com\/wp-content\/uploads\/2024\/06\/claves-economia-industrial-600x900.jpg 600w, https://blog.infoempresa.com\/wp-content\/uploads\/2024\/06\/claves-economia-industrial-1200x1800.jpg 1200w\" sizes=\"(max-width: 600px) 100vw, 600px\" \/>","square_medium":"<img width=\"600\" height=\"600\" src=\"https://blog.infoempresa.com\/wp-content\/uploads\/2024\/06\/claves-economia-industrial-600x600.jpg\" class=\"attachment-square_medium size-square_medium wp-post-image\" alt=\"\" decoding=\"async\" loading=\"lazy\" srcset=\"https://blog.infoempresa.com\/wp-content\/uploads\/2024\/06\/claves-economia-industrial-600x600.jpg 600w, https://blog.infoempresa.com\/wp-content\/uploads\/2024\/06\/claves-economia-industrial-150x150.jpg 150w, https://blog.infoempresa.com\/wp-content\/uploads\/2024\/06\/claves-economia-industrial-1200x1200.jpg 1200w\" sizes=\"(max-width: 600px) 100vw, 600px\" \/>","sarmaya-featured-image":"<img width=\"1736\" height=\"1157\" src=\"https://blog.infoempresa.com\/wp-content\/uploads\/2024\/06\/claves-economia-industrial-1736x1157.jpg\" class=\"attachment-sarmaya-featured-image size-sarmaya-featured-image wp-post-image\" alt=\"\" decoding=\"async\" loading=\"lazy\" srcset=\"https://blog.infoempresa.com\/wp-content\/uploads\/2024\/06\/claves-economia-industrial-1736x1157.jpg 1736w, https://blog.infoempresa.com\/wp-content\/uploads\/2024\/06\/claves-economia-industrial-300x200.jpg 300w, https://blog.infoempresa.com\/wp-content\/uploads\/2024\/06\/claves-economia-industrial-1024x683.jpg 1024w, https://blog.infoempresa.com\/wp-content\/uploads\/2024\/06\/claves-economia-industrial-768x512.jpg 768w, https://blog.infoempresa.com\/wp-content\/uploads\/2024\/06\/claves-economia-industrial-1536x1024.jpg 1536w, https://blog.infoempresa.com\/wp-content\/uploads\/2024\/06\/claves-economia-industrial-2048x1365.jpg 2048w, https://blog.infoempresa.com\/wp-content\/uploads\/2024\/06\/claves-economia-industrial-1200x800.jpg 1200w, https://blog.infoempresa.com\/wp-content\/uploads\/2024\/06\/claves-economia-industrial-600x400.jpg 600w\" sizes=\"(max-width: 1736px) 100vw, 1736px\" \/>"}},"published_date":"juillet 23, 2024","comments_number":"0 Comment","_links":{"self":[{"href":"https://blog.infoempresa.com\/fr\/wp-json\/wp\/v2\/posts\/45403"}],"collection":[{"href":"https://blog.infoempresa.com\/fr\/wp-json\/wp\/v2\/posts"}],"about":[{"href":"https://blog.infoempresa.com\/fr\/wp-json\/wp\/v2\/types\/post"}],"author":[{"embeddable":true,"href":"https://blog.infoempresa.com\/fr\/wp-json\/wp\/v2\/users\/1"}],"replies":[{"embeddable":true,"href":"https://blog.infoempresa.com\/fr\/wp-json\/wp\/v2\/comments?post=45403"}],"version-history":[{"count":0,"href":"https://blog.infoempresa.com\/fr\/wp-json\/wp\/v2\/posts\/45403\/revisions"}],"wp:featuredmedia":[{"embeddable":true,"href":"https://blog.infoempresa.com\/fr\/wp-json\/wp\/v2\/media\/23239"}],"wp:attachment":[{"href":"https://blog.infoempresa.com\/fr\/wp-json\/wp\/v2\/media?parent=45403"}],"wp:term":[{"taxonomy":"category","embeddable":true,"href":"https://blog.infoempresa.com\/fr\/wp-json\/wp\/v2\/categories?post=45403"},{"taxonomy":"post_tag","embeddable":true,"href":"https://blog.infoempresa.com\/fr\/wp-json\/wp\/v2\/tags?post=45403"}],"curies":[{"name":"wp","href":"https:\/\/api.w.org\/{rel}","templated":true}]}}