{"id":45415,"date":"2024-07-23T08:15:17","date_gmt":"2024-07-23T08:15:17","guid":{"rendered":"https://blog.infoempresa.com\/?p=45415"},"modified":"2024-07-23T08:15:17","modified_gmt":"2024-07-23T08:15:17","slug":"dinamismo-y-desafos-la-expansin-del-agrotech-en-espaa","status":"publish","type":"post","link":"https://blog.infoempresa.com\/fr\/dinamismo-y-desafos-la-expansin-del-agrotech-en-espaa\/","title":{"rendered":"Dynamisme et d\u00e9fis\u00a0: le d\u00e9veloppement de l&rsquo;agrotechnologie en Espagne"},"content":{"rendered":"\t\t<div data-elementor-type=\"wp-post\" data-elementor-id=\"45415\" class=\"elementor elementor-45415\">\n\t\t\t\t\t\t\t\t\t<section class=\"elementor-section elementor-top-section elementor-element elementor-element-4710515 elementor-section-boxed elementor-section-height-default elementor-section-height-default\" data-id=\"4710515\" data-element_type=\"section\">\n\t\t\t\t\t\t<div class=\"elementor-container elementor-column-gap-default\">\n\t\t\t\t\t<div class=\"elementor-column elementor-col-100 elementor-top-column elementor-element elementor-element-424f374\" data-id=\"424f374\" data-element_type=\"column\">\n\t\t\t<div class=\"elementor-widget-wrap elementor-element-populated\">\n\t\t\t\t\t\t\t\t<div class=\"elementor-element elementor-element-d16bf2d elementor-widget elementor-widget-text-editor\" data-id=\"d16bf2d\" data-element_type=\"widget\" data-widget_type=\"text-editor.default\">\n\t\t\t\t<div class=\"elementor-widget-container\">\n\t\t\t<style>\/*! elementor - v3.17.0 - 01-11-2023 *\/\n.elementor-widget-text-editor.elementor-drop-cap-view-stacked .elementor-drop-cap{background-color:#69727d;color:#fff}.elementor-widget-text-editor.elementor-drop-cap-view-framed .elementor-drop-cap{color:#69727d;border:3px solid;background-color:transparent}.elementor-widget-text-editor:not(.elementor-drop-cap-view-default) .elementor-drop-cap{margin-top:8px}.elementor-widget-text-editor:not(.elementor-drop-cap-view-default) .elementor-drop-cap-letter{width:1em;height:1em}.elementor-widget-text-editor .elementor-drop-cap{float:left;text-align:center;line-height:1;font-size:50px}.elementor-widget-text-editor .elementor-drop-cap-letter{display:inline-block}<\/style>\t\t\t\t<p> <span style=\"font-weight: 400;\">Le secteur agrotechnologique espagnol conna\u00eet une croissance significative, se positionnant comme une composante essentielle de l&rsquo;innovation agricole et technologique. En 2022, le march\u00e9 agrotechnologique espagnol a atteint une valeur de 3,3 milliards de dollars, avec des projections indiquant une augmentation \u00e0 5 milliards de dollars d&rsquo;ici 2027. Ces progr\u00e8s sont dus \u00e0 des facteurs cl\u00e9s tels que la demande croissante d&rsquo;aliments durables, la n\u00e9cessit\u00e9 d&rsquo;une gestion plus efficace des ressources et l&rsquo;adoption rapide de technologies innovantes par les agriculteurs.<\/span> <\/p>\t\t\t\t\t\t<\/div>\n\t\t\t\t<\/div>\n\t\t\t\t\t<\/div>\n\t\t<\/div>\n\t\t\t\t\t\t\t<\/div>\n\t\t<\/section>\n\t\t\t\t<section class=\"elementor-section elementor-top-section elementor-element elementor-element-9066c22 elementor-section-boxed elementor-section-height-default elementor-section-height-default\" data-id=\"9066c22\" data-element_type=\"section\">\n\t\t\t\t\t\t<div class=\"elementor-container elementor-column-gap-default\">\n\t\t\t\t\t<div class=\"elementor-column elementor-col-100 elementor-top-column elementor-element elementor-element-bc8352f\" data-id=\"bc8352f\" data-element_type=\"column\">\n\t\t\t<div class=\"elementor-widget-wrap elementor-element-populated\">\n\t\t\t\t\t\t\t\t<div class=\"elementor-element elementor-element-6a44be3 elementor-widget elementor-widget-text-editor\" data-id=\"6a44be3\" data-element_type=\"widget\" data-widget_type=\"text-editor.default\">\n\t\t\t\t<div class=\"elementor-widget-container\">\n\t\t\t\t\t\t\t<p> <span style=\"font-weight: 400;\">En termes d&rsquo;investissement, le secteur agrotechnologique espagnol a enregistr\u00e9 un chiffre impressionnant en 2021, pla\u00e7ant le pays parmi les leaders europ\u00e9ens en mati\u00e8re d&rsquo;investissement dans ce domaine. Le capital-risque, les soci\u00e9t\u00e9s de capital-investissement et les entit\u00e9s publiques sont les principales sources de financement de ces innovations.<\/span> <\/p>\t\t\t\t\t\t<\/div>\n\t\t\t\t<\/div>\n\t\t\t\t\t<\/div>\n\t\t<\/div>\n\t\t\t\t\t\t\t<\/div>\n\t\t<\/section>\n\t\t\t\t<section class=\"elementor-section elementor-top-section elementor-element elementor-element-f125f68 elementor-section-boxed elementor-section-height-default elementor-section-height-default\" data-id=\"f125f68\" data-element_type=\"section\">\n\t\t\t\t\t\t<div class=\"elementor-container elementor-column-gap-default\">\n\t\t\t\t\t<div class=\"elementor-column elementor-col-100 elementor-top-column elementor-element elementor-element-307d62c\" data-id=\"307d62c\" data-element_type=\"column\">\n\t\t\t<div class=\"elementor-widget-wrap elementor-element-populated\">\n\t\t\t\t\t\t\t\t<div class=\"elementor-element elementor-element-5b40ece elementor-widget elementor-widget-text-editor\" data-id=\"5b40ece\" data-element_type=\"widget\" data-widget_type=\"text-editor.default\">\n\t\t\t\t<div class=\"elementor-widget-container\">\n\t\t\t\t\t\t\t<p> <span style=\"font-weight: 400;\">L&rsquo;\u00e9cosyst\u00e8me agrotechnologique espagnol compte plus de 750 entreprises, dont un m\u00e9lange de petites et moyennes entreprises, ainsi que de grandes entreprises qui commencent \u00e0 s&rsquo;aventurer dans le secteur. Ce tissu commercial diversifi\u00e9 fait de l&rsquo;Espagne l&rsquo;un des centres agrotechnologiques les plus dynamiques d&rsquo;Europe<\/span>. <\/p>\t\t\t\t\t\t<\/div>\n\t\t\t\t<\/div>\n\t\t\t\t\t<\/div>\n\t\t<\/div>\n\t\t\t\t\t\t\t<\/div>\n\t\t<\/section>\n\t\t\t\t<section class=\"elementor-section elementor-top-section elementor-element elementor-element-e2e8732 elementor-section-boxed elementor-section-height-default elementor-section-height-default\" data-id=\"e2e8732\" data-element_type=\"section\">\n\t\t\t\t\t\t<div class=\"elementor-container elementor-column-gap-default\">\n\t\t\t\t\t<div class=\"elementor-column elementor-col-100 elementor-top-column elementor-element elementor-element-c302bc1\" data-id=\"c302bc1\" data-element_type=\"column\">\n\t\t\t<div class=\"elementor-widget-wrap elementor-element-populated\">\n\t\t\t\t\t\t\t\t<div class=\"elementor-element elementor-element-c9ecc37 elementor-widget elementor-widget-text-editor\" data-id=\"c9ecc37\" data-element_type=\"widget\" data-widget_type=\"text-editor.default\">\n\t\t\t\t<div class=\"elementor-widget-container\">\n\t\t\t\t\t\t\t<p> <span style=\"font-weight: 400;\">Dans ce secteur dynamique, plusieurs entreprises espagnoles jouent un r\u00f4le de premier plan en introduisant des solutions technologiques qui r\u00e9volutionnent la mani\u00e8re dont l&rsquo;agriculture est cultiv\u00e9e, g\u00e9r\u00e9e<\/span> et commercialis\u00e9e. <a href=\"https:\/\/www.infoempresa.com\/es-es\/es\/empresa\/agrow-analytics-sl\"><span style=\"font-weight: 400;\">Agrow Analytics<\/span><\/a> en <span style=\"font-weight: 400;\">est un bon exemple en d\u00e9veloppant des solutions avanc\u00e9es d&rsquo;analyse de donn\u00e9es pour l&rsquo;agriculture de pr\u00e9cision gr\u00e2ce \u00e0 l&rsquo;utilisation de l&rsquo;intelligence artificielle et de l&rsquo;apprentissage automatique. Cette technologie permet aux agriculteurs d&rsquo;optimiser leur production gr\u00e2ce \u00e0 un syst\u00e8me d&rsquo;irrigation innovant. L&rsquo;entreprise int\u00e8gre toutes ses donn\u00e9es pour fournir des recommandations pr\u00e9cises sur le lieu, l&rsquo;heure et la quantit\u00e9 d&rsquo;eau dont les cultures ont besoin.<\/span> <\/p>\t\t\t\t\t\t<\/div>\n\t\t\t\t<\/div>\n\t\t\t\t\t<\/div>\n\t\t<\/div>\n\t\t\t\t\t\t\t<\/div>\n\t\t<\/section>\n\t\t\t\t<section class=\"elementor-section elementor-top-section elementor-element elementor-element-d1e47a7 elementor-section-boxed elementor-section-height-default elementor-section-height-default\" data-id=\"d1e47a7\" data-element_type=\"section\">\n\t\t\t\t\t\t<div class=\"elementor-container elementor-column-gap-default\">\n\t\t\t\t\t<div class=\"elementor-column elementor-col-100 elementor-top-column elementor-element elementor-element-6789c92\" data-id=\"6789c92\" data-element_type=\"column\">\n\t\t\t<div class=\"elementor-widget-wrap elementor-element-populated\">\n\t\t\t\t\t\t\t\t<div class=\"elementor-element elementor-element-e8e30db elementor-widget elementor-widget-text-editor\" data-id=\"e8e30db\" data-element_type=\"widget\" data-widget_type=\"text-editor.default\">\n\t\t\t\t<div class=\"elementor-widget-container\">\n\t\t\t\t\t\t\t<p> <span style=\"font-weight: 400;\">D&rsquo;autre part,<\/span> <a href=\"https:\/\/www.infoempresa.com\/es-es\/es\/empresa\/azolla-efkt-sl\"><span style=\"font-weight: 400;\">Azolla Projects<\/span><\/a> <span style=\"font-weight: 400;\">est une initiative pionni\u00e8re en Espagne qui vise \u00e0 transformer le paysage agricole actuel vers un mod\u00e8le plus durable et plus respectueux de l&rsquo;environnement. Il se concentre principalement sur la promotion de l&rsquo;agriculture r\u00e9g\u00e9n\u00e9ratrice, un ensemble de pratiques agricoles qui favorisent l&rsquo;am\u00e9lioration de la sant\u00e9 des sols et, par cons\u00e9quent, la s\u00e9questration naturelle du CO2 de l&rsquo;atmosph\u00e8re<\/span>. <\/p>\t\t\t\t\t\t<\/div>\n\t\t\t\t<\/div>\n\t\t\t\t\t<\/div>\n\t\t<\/div>\n\t\t\t\t\t\t\t<\/div>\n\t\t<\/section>\n\t\t\t\t<section class=\"elementor-section elementor-top-section elementor-element elementor-element-3db9190 elementor-section-boxed elementor-section-height-default elementor-section-height-default\" data-id=\"3db9190\" data-element_type=\"section\">\n\t\t\t\t\t\t<div class=\"elementor-container elementor-column-gap-default\">\n\t\t\t\t\t<div class=\"elementor-column elementor-col-100 elementor-top-column elementor-element elementor-element-926421f\" data-id=\"926421f\" data-element_type=\"column\">\n\t\t\t<div class=\"elementor-widget-wrap elementor-element-populated\">\n\t\t\t\t\t\t\t\t<div class=\"elementor-element elementor-element-ec16bd9 elementor-widget elementor-widget-text-editor\" data-id=\"ec16bd9\" data-element_type=\"widget\" data-widget_type=\"text-editor.default\">\n\t\t\t\t<div class=\"elementor-widget-container\">\n\t\t\t\t\t\t\t<p> <span style=\"font-weight: 400;\">Une autre innovation importante provient de<\/span> <a href=\"https:\/\/www.infoempresa.com\/es-es\/es\/empresa\/bio2coat-sl\"><span style=\"font-weight: 400;\">Bio2Coat<\/span><\/a><span style=\"font-weight: 400;\">, qui a d\u00e9velopp\u00e9 des rev\u00eatements biod\u00e9gradables pour les fruits et l\u00e9gumes, prolongeant ainsi leur dur\u00e9e de vie et r\u00e9duisant le gaspillage alimentaire, une \u00e9tape importante vers la durabilit\u00e9 de la cha\u00eene d&rsquo;approvisionnement alimentaire. En prolongeant la dur\u00e9e de conservation des aliments, Bio2Coat contribue \u00e0 un syst\u00e8me alimentaire plus durable. Cela permet de r\u00e9duire la quantit\u00e9 de fruits et de l\u00e9gumes gaspill\u00e9s inutilement, ce qui profite \u00e0 la fois aux producteurs et aux consommateurs. De plus, leurs rev\u00eatements biod\u00e9gradables \u00e9vitent le recours \u00e0 des contenants en plastique jetables, ce qui est un avantage pour l&rsquo;environnement.<\/span> <\/p>\t\t\t\t\t\t<\/div>\n\t\t\t\t<\/div>\n\t\t\t\t\t<\/div>\n\t\t<\/div>\n\t\t\t\t\t\t\t<\/div>\n\t\t<\/section>\n\t\t\t\t<section class=\"elementor-section elementor-top-section elementor-element elementor-element-ec553a5 elementor-section-boxed elementor-section-height-default elementor-section-height-default\" data-id=\"ec553a5\" data-element_type=\"section\">\n\t\t\t\t\t\t<div class=\"elementor-container elementor-column-gap-default\">\n\t\t\t\t\t<div class=\"elementor-column elementor-col-100 elementor-top-column elementor-element elementor-element-b51a26e\" data-id=\"b51a26e\" data-element_type=\"column\">\n\t\t\t<div class=\"elementor-widget-wrap elementor-element-populated\">\n\t\t\t\t\t\t\t\t<div class=\"elementor-element elementor-element-621820a elementor-widget elementor-widget-text-editor\" data-id=\"621820a\" data-element_type=\"widget\" data-widget_type=\"text-editor.default\">\n\t\t\t\t<div class=\"elementor-widget-container\">\n\t\t\t\t\t\t\t<p> <a href=\"https:\/\/www.infoempresa.com\/es-es\/es\/empresa\/naandan-jain-iberica-sl\"><span style=\"font-weight: 400;\">NaandAnjain, forte<\/span><\/a> <span style=\"font-weight: 400;\">de plus de 80 ans d&rsquo;exp\u00e9rience, est une entreprise mondiale qui propose une large gamme de produits pour l&rsquo;irrigation et la gestion de l&rsquo;eau dans l&rsquo;agriculture. Son objectif est de fournir des solutions efficaces et durables pour aider les agriculteurs \u00e0 optimiser l&rsquo;utilisation de l&rsquo;eau, \u00e0 augmenter la productivit\u00e9 de leurs cultures et \u00e0 prot\u00e9ger l&rsquo;environnement.<\/span> <\/p>\t\t\t\t\t\t<\/div>\n\t\t\t\t<\/div>\n\t\t\t\t\t<\/div>\n\t\t<\/div>\n\t\t\t\t\t\t\t<\/div>\n\t\t<\/section>\n\t\t\t\t<section class=\"elementor-section elementor-top-section elementor-element elementor-element-f338598 elementor-section-boxed elementor-section-height-default elementor-section-height-default\" data-id=\"f338598\" data-element_type=\"section\">\n\t\t\t\t\t\t<div class=\"elementor-container elementor-column-gap-default\">\n\t\t\t\t\t<div class=\"elementor-column elementor-col-100 elementor-top-column elementor-element elementor-element-0d95eb5\" data-id=\"0d95eb5\" data-element_type=\"column\">\n\t\t\t<div class=\"elementor-widget-wrap elementor-element-populated\">\n\t\t\t\t\t\t\t\t<div class=\"elementor-element elementor-element-1d2552d elementor-widget elementor-widget-text-editor\" data-id=\"1d2552d\" data-element_type=\"widget\" data-widget_type=\"text-editor.default\">\n\t\t\t\t<div class=\"elementor-widget-container\">\n\t\t\t\t\t\t\t<p> <span style=\"font-weight: 400;\">Non seulement ces entreprises stimulent l&rsquo;innovation dans le secteur agrotechnologique espagnol, mais elles jouent \u00e9galement un r\u00f4le crucial dans la transformation des pratiques agricoles vers un avenir plus durable et technologiquement avanc\u00e9. Avec chaque innovation, le secteur agrotechnologique espagnol red\u00e9finit non seulement les pratiques agricoles modernes, mais renforce \u00e9galement sa position dans l&rsquo;\u00e9conomie mondiale<\/span>. <\/p>\t\t\t\t\t\t<\/div>\n\t\t\t\t<\/div>\n\t\t\t\t\t<\/div>\n\t\t<\/div>\n\t\t\t\t\t\t\t<\/div>\n\t\t<\/section>\n\t\t\t\t<section class=\"elementor-section elementor-top-section elementor-element elementor-element-0ef1218 elementor-section-boxed elementor-section-height-default elementor-section-height-default\" data-id=\"0ef1218\" data-element_type=\"section\">\n\t\t\t\t\t\t<div class=\"elementor-container elementor-column-gap-default\">\n\t\t\t\t\t<div class=\"elementor-column elementor-col-100 elementor-top-column elementor-element elementor-element-4a92616\" data-id=\"4a92616\" data-element_type=\"column\">\n\t\t\t<div class=\"elementor-widget-wrap elementor-element-populated\">\n\t\t\t\t\t\t\t\t<div class=\"elementor-element elementor-element-0e7ef73 elementor-widget elementor-widget-text-editor\" data-id=\"0e7ef73\" data-element_type=\"widget\" data-widget_type=\"text-editor.default\">\n\t\t\t\t<div class=\"elementor-widget-container\">\n\t\t\t\t\t\t\t<p> <span style=\"font-weight: 400;\">L&rsquo;intelligence artificielle, l&rsquo;apprentissage automatique, l&rsquo;Internet des objets (IoT), le Big Data et la robotique sont les technologies pr\u00e9dominantes de ce secteur. Ces outils sont utilis\u00e9s pour relever des d\u00e9fis tels que l&rsquo;optimisation de l&rsquo;utilisation de l&rsquo;eau, l&rsquo;augmentation de la productivit\u00e9 des cultures et la r\u00e9duction de l&rsquo;impact environnemental des activit\u00e9s agricoles.<\/span> <\/p>\t\t\t\t\t\t<\/div>\n\t\t\t\t<\/div>\n\t\t\t\t\t<\/div>\n\t\t<\/div>\n\t\t\t\t\t\t\t<\/div>\n\t\t<\/section>\n\t\t\t\t<section class=\"elementor-section elementor-top-section elementor-element elementor-element-f76e6da elementor-section-boxed elementor-section-height-default elementor-section-height-default\" data-id=\"f76e6da\" data-element_type=\"section\">\n\t\t\t\t\t\t<div class=\"elementor-container elementor-column-gap-default\">\n\t\t\t\t\t<div class=\"elementor-column elementor-col-100 elementor-top-column elementor-element elementor-element-a8fcc8e\" data-id=\"a8fcc8e\" data-element_type=\"column\">\n\t\t\t<div class=\"elementor-widget-wrap elementor-element-populated\">\n\t\t\t\t\t\t\t\t<div class=\"elementor-element elementor-element-165e5a8 elementor-widget elementor-widget-text-editor\" data-id=\"165e5a8\" data-element_type=\"widget\" data-widget_type=\"text-editor.default\">\n\t\t\t\t<div class=\"elementor-widget-container\">\n\t\t\t\t\t\t\t<p> <span style=\"font-weight: 400;\">Malgr\u00e9 ces avanc\u00e9es, le secteur de l&rsquo;agrotechnologie est confront\u00e9 \u00e0 d&rsquo;importants d\u00e9fis, tels que la p\u00e9nurie de financements ad\u00e9quats, la difficult\u00e9 de trouver des talents qualifi\u00e9s et la fragmentation du march\u00e9. Ces d\u00e9fis n&rsquo;ont toutefois pas frein\u00e9 la croissance du secteur, qui devrait continuer \u00e0 \u00eatre un moteur cl\u00e9 de l&rsquo;\u00e9conomie espagnole dans les ann\u00e9es \u00e0 venir<\/span>. <\/p>\t\t\t\t\t\t<\/div>\n\t\t\t\t<\/div>\n\t\t\t\t\t<\/div>\n\t\t<\/div>\n\t\t\t\t\t\t\t<\/div>\n\t\t<\/section>\n\t\t\t\t\t\t\t<\/div>\n\t\t","protected":false},"excerpt":{"rendered":"<p>Le secteur agrotechnologique espagnol conna\u00eet une croissance significative, se positionnant comme une composante essentielle de l&rsquo;innovation agricole et technologique.<\/p>\n","protected":false},"author":1,"featured_media":21439,"comment_status":"open","ping_status":"open","sticky":false,"template":"","format":"standard","meta":{"footnotes":""},"categories":[2,5],"tags":[],"post_class":"clearfix post-45415 post type-post status-publish format-standard has-post-thumbnail hentry category-business category-finance entry","author_meta":{"name":"blog_infoempr","url":"https://blog.infoempresa.com\/fr\/author\/blog_infoempr\/"},"category_list":"<a href=\"https://blog.infoempresa.com\/es\/category\/business\/\" rel=\"category tag\">Business<\/a>&nbsp;<a href=\"https://blog.infoempresa.com\/es\/category\/finance\/\" rel=\"category tag\">Finance<\/a>","featured_image":{"source_url":"<img width=\"2247\" height=\"1500\" src=\"https://blog.infoempresa.com\/wp-content\/uploads\/2024\/05\/agrotech-blog.jpeg\" class=\"attachment-post-thumbnail size-post-thumbnail wp-post-image\" alt=\"Tractor en un campo de heno.\" decoding=\"async\" loading=\"lazy\" srcset=\"https://blog.infoempresa.com\/wp-content\/uploads\/2024\/05\/agrotech-blog.jpeg 2247w, https://blog.infoempresa.com\/wp-content\/uploads\/2024\/05\/agrotech-blog-300x200.jpeg 300w, https://blog.infoempresa.com\/wp-content\/uploads\/2024\/05\/agrotech-blog-1024x684.jpeg 1024w, https://blog.infoempresa.com\/wp-content\/uploads\/2024\/05\/agrotech-blog-768x513.jpeg 768w, https://blog.infoempresa.com\/wp-content\/uploads\/2024\/05\/agrotech-blog-1536x1025.jpeg 1536w, https://blog.infoempresa.com\/wp-content\/uploads\/2024\/05\/agrotech-blog-2048x1367.jpeg 2048w, https://blog.infoempresa.com\/wp-content\/uploads\/2024\/05\/agrotech-blog-1200x800.jpeg 1200w, https://blog.infoempresa.com\/wp-content\/uploads\/2024\/05\/agrotech-blog-600x400.jpeg 600w, https://blog.infoempresa.com\/wp-content\/uploads\/2024\/05\/agrotech-blog-1736x1159.jpeg 1736w\" sizes=\"(max-width: 2247px) 100vw, 2247px\" \/>","sizes":{"thumbnail":"<img width=\"150\" height=\"150\" src=\"https://blog.infoempresa.com\/wp-content\/uploads\/2024\/05\/agrotech-blog-150x150.jpeg\" class=\"attachment-thumbnail size-thumbnail wp-post-image\" alt=\"Tractor en un campo de heno.\" decoding=\"async\" loading=\"lazy\" srcset=\"https://blog.infoempresa.com\/wp-content\/uploads\/2024\/05\/agrotech-blog-150x150.jpeg 150w, https://blog.infoempresa.com\/wp-content\/uploads\/2024\/05\/agrotech-blog-1200x1200.jpeg 1200w, https://blog.infoempresa.com\/wp-content\/uploads\/2024\/05\/agrotech-blog-600x600.jpeg 600w\" sizes=\"(max-width: 150px) 100vw, 150px\" \/>","medium":"<img width=\"300\" height=\"200\" src=\"https://blog.infoempresa.com\/wp-content\/uploads\/2024\/05\/agrotech-blog-300x200.jpeg\" class=\"attachment-medium size-medium wp-post-image\" alt=\"Tractor en un campo de heno.\" decoding=\"async\" loading=\"lazy\" srcset=\"https://blog.infoempresa.com\/wp-content\/uploads\/2024\/05\/agrotech-blog-300x200.jpeg 300w, https://blog.infoempresa.com\/wp-content\/uploads\/2024\/05\/agrotech-blog-1024x684.jpeg 1024w, https://blog.infoempresa.com\/wp-content\/uploads\/2024\/05\/agrotech-blog-768x513.jpeg 768w, https://blog.infoempresa.com\/wp-content\/uploads\/2024\/05\/agrotech-blog-1536x1025.jpeg 1536w, https://blog.infoempresa.com\/wp-content\/uploads\/2024\/05\/agrotech-blog-2048x1367.jpeg 2048w, https://blog.infoempresa.com\/wp-content\/uploads\/2024\/05\/agrotech-blog-1200x800.jpeg 1200w, https://blog.infoempresa.com\/wp-content\/uploads\/2024\/05\/agrotech-blog-600x400.jpeg 600w, https://blog.infoempresa.com\/wp-content\/uploads\/2024\/05\/agrotech-blog-1736x1159.jpeg 1736w\" sizes=\"(max-width: 300px) 100vw, 300px\" \/>","medium_large":"<img width=\"700\" height=\"468\" src=\"https://blog.infoempresa.com\/wp-content\/uploads\/2024\/05\/agrotech-blog-768x513.jpeg\" class=\"attachment-medium_large size-medium_large wp-post-image\" alt=\"Tractor en un campo de heno.\" decoding=\"async\" loading=\"lazy\" srcset=\"https://blog.infoempresa.com\/wp-content\/uploads\/2024\/05\/agrotech-blog-768x513.jpeg 768w, https://blog.infoempresa.com\/wp-content\/uploads\/2024\/05\/agrotech-blog-300x200.jpeg 300w, https://blog.infoempresa.com\/wp-content\/uploads\/2024\/05\/agrotech-blog-1024x684.jpeg 1024w, https://blog.infoempresa.com\/wp-content\/uploads\/2024\/05\/agrotech-blog-1536x1025.jpeg 1536w, https://blog.infoempresa.com\/wp-content\/uploads\/2024\/05\/agrotech-blog-2048x1367.jpeg 2048w, https://blog.infoempresa.com\/wp-content\/uploads\/2024\/05\/agrotech-blog-1200x800.jpeg 1200w, https://blog.infoempresa.com\/wp-content\/uploads\/2024\/05\/agrotech-blog-600x400.jpeg 600w, https://blog.infoempresa.com\/wp-content\/uploads\/2024\/05\/agrotech-blog-1736x1159.jpeg 1736w\" sizes=\"(max-width: 700px) 100vw, 700px\" \/>","large":"<img width=\"700\" height=\"468\" src=\"https://blog.infoempresa.com\/wp-content\/uploads\/2024\/05\/agrotech-blog-1024x684.jpeg\" class=\"attachment-large size-large wp-post-image\" alt=\"Tractor en un campo de heno.\" decoding=\"async\" loading=\"lazy\" srcset=\"https://blog.infoempresa.com\/wp-content\/uploads\/2024\/05\/agrotech-blog-1024x684.jpeg 1024w, https://blog.infoempresa.com\/wp-content\/uploads\/2024\/05\/agrotech-blog-300x200.jpeg 300w, https://blog.infoempresa.com\/wp-content\/uploads\/2024\/05\/agrotech-blog-768x513.jpeg 768w, https://blog.infoempresa.com\/wp-content\/uploads\/2024\/05\/agrotech-blog-1536x1025.jpeg 1536w, https://blog.infoempresa.com\/wp-content\/uploads\/2024\/05\/agrotech-blog-2048x1367.jpeg 2048w, https://blog.infoempresa.com\/wp-content\/uploads\/2024\/05\/agrotech-blog-1200x800.jpeg 1200w, https://blog.infoempresa.com\/wp-content\/uploads\/2024\/05\/agrotech-blog-600x400.jpeg 600w, https://blog.infoempresa.com\/wp-content\/uploads\/2024\/05\/agrotech-blog-1736x1159.jpeg 1736w\" sizes=\"(max-width: 700px) 100vw, 700px\" \/>","rss-image":"<img width=\"300\" height=\"200\" src=\"https://blog.infoempresa.com\/wp-content\/uploads\/2024\/05\/agrotech-blog-300x200.jpeg\" class=\"attachment-rss-image size-rss-image wp-post-image\" alt=\"Tractor en un campo de heno.\" decoding=\"async\" loading=\"lazy\" srcset=\"https://blog.infoempresa.com\/wp-content\/uploads\/2024\/05\/agrotech-blog-300x200.jpeg 300w, https://blog.infoempresa.com\/wp-content\/uploads\/2024\/05\/agrotech-blog-1024x684.jpeg 1024w, https://blog.infoempresa.com\/wp-content\/uploads\/2024\/05\/agrotech-blog-768x513.jpeg 768w, https://blog.infoempresa.com\/wp-content\/uploads\/2024\/05\/agrotech-blog-1536x1025.jpeg 1536w, https://blog.infoempresa.com\/wp-content\/uploads\/2024\/05\/agrotech-blog-2048x1367.jpeg 2048w, https://blog.infoempresa.com\/wp-content\/uploads\/2024\/05\/agrotech-blog-1200x800.jpeg 1200w, https://blog.infoempresa.com\/wp-content\/uploads\/2024\/05\/agrotech-blog-600x400.jpeg 600w, https://blog.infoempresa.com\/wp-content\/uploads\/2024\/05\/agrotech-blog-1736x1159.jpeg 1736w\" sizes=\"(max-width: 300px) 100vw, 300px\" \/>","1536x1536":"<img width=\"1536\" height=\"1025\" src=\"https://blog.infoempresa.com\/wp-content\/uploads\/2024\/05\/agrotech-blog-1536x1025.jpeg\" class=\"attachment-1536x1536 size-1536x1536 wp-post-image\" alt=\"Tractor en un campo de heno.\" decoding=\"async\" loading=\"lazy\" srcset=\"https://blog.infoempresa.com\/wp-content\/uploads\/2024\/05\/agrotech-blog-1536x1025.jpeg 1536w, https://blog.infoempresa.com\/wp-content\/uploads\/2024\/05\/agrotech-blog-300x200.jpeg 300w, https://blog.infoempresa.com\/wp-content\/uploads\/2024\/05\/agrotech-blog-1024x684.jpeg 1024w, https://blog.infoempresa.com\/wp-content\/uploads\/2024\/05\/agrotech-blog-768x513.jpeg 768w, https://blog.infoempresa.com\/wp-content\/uploads\/2024\/05\/agrotech-blog-2048x1367.jpeg 2048w, https://blog.infoempresa.com\/wp-content\/uploads\/2024\/05\/agrotech-blog-1200x800.jpeg 1200w, https://blog.infoempresa.com\/wp-content\/uploads\/2024\/05\/agrotech-blog-600x400.jpeg 600w, https://blog.infoempresa.com\/wp-content\/uploads\/2024\/05\/agrotech-blog-1736x1159.jpeg 1736w\" sizes=\"(max-width: 1536px) 100vw, 1536px\" \/>","2048x2048":"<img width=\"2048\" height=\"1367\" src=\"https://blog.infoempresa.com\/wp-content\/uploads\/2024\/05\/agrotech-blog-2048x1367.jpeg\" class=\"attachment-2048x2048 size-2048x2048 wp-post-image\" alt=\"Tractor en un campo de heno.\" decoding=\"async\" loading=\"lazy\" srcset=\"https://blog.infoempresa.com\/wp-content\/uploads\/2024\/05\/agrotech-blog-2048x1367.jpeg 2048w, https://blog.infoempresa.com\/wp-content\/uploads\/2024\/05\/agrotech-blog-300x200.jpeg 300w, https://blog.infoempresa.com\/wp-content\/uploads\/2024\/05\/agrotech-blog-1024x684.jpeg 1024w, https://blog.infoempresa.com\/wp-content\/uploads\/2024\/05\/agrotech-blog-768x513.jpeg 768w, https://blog.infoempresa.com\/wp-content\/uploads\/2024\/05\/agrotech-blog-1536x1025.jpeg 1536w, https://blog.infoempresa.com\/wp-content\/uploads\/2024\/05\/agrotech-blog-1200x800.jpeg 1200w, https://blog.infoempresa.com\/wp-content\/uploads\/2024\/05\/agrotech-blog-600x400.jpeg 600w, https://blog.infoempresa.com\/wp-content\/uploads\/2024\/05\/agrotech-blog-1736x1159.jpeg 1736w\" sizes=\"(max-width: 2048px) 100vw, 2048px\" \/>","landscape":"<img width=\"1200\" height=\"800\" src=\"https://blog.infoempresa.com\/wp-content\/uploads\/2024\/05\/agrotech-blog-1200x800.jpeg\" class=\"attachment-landscape size-landscape wp-post-image\" alt=\"Tractor en un campo de heno.\" decoding=\"async\" loading=\"lazy\" srcset=\"https://blog.infoempresa.com\/wp-content\/uploads\/2024\/05\/agrotech-blog-1200x800.jpeg 1200w, https://blog.infoempresa.com\/wp-content\/uploads\/2024\/05\/agrotech-blog-300x200.jpeg 300w, https://blog.infoempresa.com\/wp-content\/uploads\/2024\/05\/agrotech-blog-1024x684.jpeg 1024w, https://blog.infoempresa.com\/wp-content\/uploads\/2024\/05\/agrotech-blog-768x513.jpeg 768w, https://blog.infoempresa.com\/wp-content\/uploads\/2024\/05\/agrotech-blog-1536x1025.jpeg 1536w, https://blog.infoempresa.com\/wp-content\/uploads\/2024\/05\/agrotech-blog-2048x1367.jpeg 2048w, https://blog.infoempresa.com\/wp-content\/uploads\/2024\/05\/agrotech-blog-600x400.jpeg 600w, https://blog.infoempresa.com\/wp-content\/uploads\/2024\/05\/agrotech-blog-1736x1159.jpeg 1736w\" sizes=\"(max-width: 1200px) 100vw, 1200px\" \/>","square":"<img width=\"1200\" height=\"1200\" src=\"https://blog.infoempresa.com\/wp-content\/uploads\/2024\/05\/agrotech-blog-1200x1200.jpeg\" class=\"attachment-square size-square wp-post-image\" alt=\"Tractor en un campo de heno.\" decoding=\"async\" loading=\"lazy\" srcset=\"https://blog.infoempresa.com\/wp-content\/uploads\/2024\/05\/agrotech-blog-1200x1200.jpeg 1200w, https://blog.infoempresa.com\/wp-content\/uploads\/2024\/05\/agrotech-blog-150x150.jpeg 150w, https://blog.infoempresa.com\/wp-content\/uploads\/2024\/05\/agrotech-blog-600x600.jpeg 600w\" sizes=\"(max-width: 1200px) 100vw, 1200px\" \/>","portrait":"<img width=\"1200\" height=\"1500\" src=\"https://blog.infoempresa.com\/wp-content\/uploads\/2024\/05\/agrotech-blog-1200x1500.jpeg\" class=\"attachment-portrait size-portrait wp-post-image\" alt=\"Tractor en un campo de heno.\" decoding=\"async\" loading=\"lazy\" \/>","landscape_medium":"<img width=\"600\" height=\"400\" src=\"https://blog.infoempresa.com\/wp-content\/uploads\/2024\/05\/agrotech-blog-600x400.jpeg\" class=\"attachment-landscape_medium size-landscape_medium wp-post-image\" alt=\"Tractor en un campo de heno.\" decoding=\"async\" loading=\"lazy\" srcset=\"https://blog.infoempresa.com\/wp-content\/uploads\/2024\/05\/agrotech-blog-600x400.jpeg 600w, https://blog.infoempresa.com\/wp-content\/uploads\/2024\/05\/agrotech-blog-300x200.jpeg 300w, https://blog.infoempresa.com\/wp-content\/uploads\/2024\/05\/agrotech-blog-1024x684.jpeg 1024w, https://blog.infoempresa.com\/wp-content\/uploads\/2024\/05\/agrotech-blog-768x513.jpeg 768w, https://blog.infoempresa.com\/wp-content\/uploads\/2024\/05\/agrotech-blog-1536x1025.jpeg 1536w, https://blog.infoempresa.com\/wp-content\/uploads\/2024\/05\/agrotech-blog-2048x1367.jpeg 2048w, https://blog.infoempresa.com\/wp-content\/uploads\/2024\/05\/agrotech-blog-1200x800.jpeg 1200w, https://blog.infoempresa.com\/wp-content\/uploads\/2024\/05\/agrotech-blog-1736x1159.jpeg 1736w\" sizes=\"(max-width: 600px) 100vw, 600px\" \/>","portrait_medium":"<img width=\"600\" height=\"900\" src=\"https://blog.infoempresa.com\/wp-content\/uploads\/2024\/05\/agrotech-blog-600x900.jpeg\" class=\"attachment-portrait_medium size-portrait_medium wp-post-image\" alt=\"Tractor en un campo de heno.\" decoding=\"async\" loading=\"lazy\" \/>","square_medium":"<img width=\"600\" height=\"600\" src=\"https://blog.infoempresa.com\/wp-content\/uploads\/2024\/05\/agrotech-blog-600x600.jpeg\" class=\"attachment-square_medium size-square_medium wp-post-image\" alt=\"Tractor en un campo de heno.\" decoding=\"async\" loading=\"lazy\" srcset=\"https://blog.infoempresa.com\/wp-content\/uploads\/2024\/05\/agrotech-blog-600x600.jpeg 600w, https://blog.infoempresa.com\/wp-content\/uploads\/2024\/05\/agrotech-blog-150x150.jpeg 150w, https://blog.infoempresa.com\/wp-content\/uploads\/2024\/05\/agrotech-blog-1200x1200.jpeg 1200w\" sizes=\"(max-width: 600px) 100vw, 600px\" \/>","sarmaya-featured-image":"<img width=\"1736\" height=\"1159\" src=\"https://blog.infoempresa.com\/wp-content\/uploads\/2024\/05\/agrotech-blog-1736x1159.jpeg\" class=\"attachment-sarmaya-featured-image size-sarmaya-featured-image wp-post-image\" alt=\"Tractor en un campo de heno.\" decoding=\"async\" loading=\"lazy\" srcset=\"https://blog.infoempresa.com\/wp-content\/uploads\/2024\/05\/agrotech-blog-1736x1159.jpeg 1736w, https://blog.infoempresa.com\/wp-content\/uploads\/2024\/05\/agrotech-blog-300x200.jpeg 300w, https://blog.infoempresa.com\/wp-content\/uploads\/2024\/05\/agrotech-blog-1024x684.jpeg 1024w, https://blog.infoempresa.com\/wp-content\/uploads\/2024\/05\/agrotech-blog-768x513.jpeg 768w, https://blog.infoempresa.com\/wp-content\/uploads\/2024\/05\/agrotech-blog-1536x1025.jpeg 1536w, https://blog.infoempresa.com\/wp-content\/uploads\/2024\/05\/agrotech-blog-2048x1367.jpeg 2048w, https://blog.infoempresa.com\/wp-content\/uploads\/2024\/05\/agrotech-blog-1200x800.jpeg 1200w, https://blog.infoempresa.com\/wp-content\/uploads\/2024\/05\/agrotech-blog-600x400.jpeg 600w\" sizes=\"(max-width: 1736px) 100vw, 1736px\" \/>"}},"published_date":"juillet 23, 2024","comments_number":"0 Comment","_links":{"self":[{"href":"https://blog.infoempresa.com\/fr\/wp-json\/wp\/v2\/posts\/45415"}],"collection":[{"href":"https://blog.infoempresa.com\/fr\/wp-json\/wp\/v2\/posts"}],"about":[{"href":"https://blog.infoempresa.com\/fr\/wp-json\/wp\/v2\/types\/post"}],"author":[{"embeddable":true,"href":"https://blog.infoempresa.com\/fr\/wp-json\/wp\/v2\/users\/1"}],"replies":[{"embeddable":true,"href":"https://blog.infoempresa.com\/fr\/wp-json\/wp\/v2\/comments?post=45415"}],"version-history":[{"count":0,"href":"https://blog.infoempresa.com\/fr\/wp-json\/wp\/v2\/posts\/45415\/revisions"}],"wp:featuredmedia":[{"embeddable":true,"href":"https://blog.infoempresa.com\/fr\/wp-json\/wp\/v2\/media\/21439"}],"wp:attachment":[{"href":"https://blog.infoempresa.com\/fr\/wp-json\/wp\/v2\/media?parent=45415"}],"wp:term":[{"taxonomy":"category","embeddable":true,"href":"https://blog.infoempresa.com\/fr\/wp-json\/wp\/v2\/categories?post=45415"},{"taxonomy":"post_tag","embeddable":true,"href":"https://blog.infoempresa.com\/fr\/wp-json\/wp\/v2\/tags?post=45415"}],"curies":[{"name":"wp","href":"https:\/\/api.w.org\/{rel}","templated":true}]}}