{"id":45508,"date":"2024-07-23T08:15:35","date_gmt":"2024-07-23T08:15:35","guid":{"rendered":"https://blog.infoempresa.com\/?p=45508"},"modified":"2024-07-23T08:15:35","modified_gmt":"2024-07-23T08:15:35","slug":"el-origen-y-evolucin-del-balance-financiero","status":"publish","type":"post","link":"https://blog.infoempresa.com\/fr\/el-origen-y-evolucin-del-balance-financiero\/","title":{"rendered":"L&rsquo;origine et l&rsquo;\u00e9volution du bilan financier"},"content":{"rendered":"\t\t<div data-elementor-type=\"wp-post\" data-elementor-id=\"45508\" class=\"elementor elementor-45508\">\n\t\t\t\t\t\t\t\t\t<section class=\"elementor-section elementor-top-section elementor-element elementor-element-b0f4a89 elementor-section-boxed elementor-section-height-default elementor-section-height-default\" data-id=\"b0f4a89\" data-element_type=\"section\">\n\t\t\t\t\t\t<div class=\"elementor-container elementor-column-gap-default\">\n\t\t\t\t\t<div class=\"elementor-column elementor-col-100 elementor-top-column elementor-element elementor-element-9489930\" data-id=\"9489930\" data-element_type=\"column\">\n\t\t\t<div class=\"elementor-widget-wrap elementor-element-populated\">\n\t\t\t\t\t\t\t\t<div class=\"elementor-element elementor-element-9db671e elementor-widget elementor-widget-text-editor\" data-id=\"9db671e\" data-element_type=\"widget\" data-widget_type=\"text-editor.default\">\n\t\t\t\t<div class=\"elementor-widget-container\">\n\t\t\t<style>\/*! elementor - v3.17.0 - 01-11-2023 *\/\n.elementor-widget-text-editor.elementor-drop-cap-view-stacked .elementor-drop-cap{background-color:#69727d;color:#fff}.elementor-widget-text-editor.elementor-drop-cap-view-framed .elementor-drop-cap{color:#69727d;border:3px solid;background-color:transparent}.elementor-widget-text-editor:not(.elementor-drop-cap-view-default) .elementor-drop-cap{margin-top:8px}.elementor-widget-text-editor:not(.elementor-drop-cap-view-default) .elementor-drop-cap-letter{width:1em;height:1em}.elementor-widget-text-editor .elementor-drop-cap{float:left;text-align:center;line-height:1;font-size:50px}.elementor-widget-text-editor .elementor-drop-cap-letter{display:inline-block}<\/style>\t\t\t\t<p> Dans le monde de la finance, tr\u00e8s peu d&rsquo;\u00e9l\u00e9ments sont aussi essentiels et \u00e9vocateurs que le bilan. Mais vous \u00eates-vous d\u00e9j\u00e0 demand\u00e9 d&rsquo;o\u00f9 vient cet outil indispensable\u00a0? Au fil des si\u00e8cles, le bilan a \u00e9volu\u00e9 pour devenir ce qu&rsquo;il est aujourd&rsquo;hui. <\/p>\t\t\t\t\t\t<\/div>\n\t\t\t\t<\/div>\n\t\t\t\t\t<\/div>\n\t\t<\/div>\n\t\t\t\t\t\t\t<\/div>\n\t\t<\/section>\n\t\t\t\t<section class=\"elementor-section elementor-top-section elementor-element elementor-element-e307ebc elementor-section-boxed elementor-section-height-default elementor-section-height-default\" data-id=\"e307ebc\" data-element_type=\"section\">\n\t\t\t\t\t\t<div class=\"elementor-container elementor-column-gap-default\">\n\t\t\t\t\t<div class=\"elementor-column elementor-col-100 elementor-top-column elementor-element elementor-element-b4b796c\" data-id=\"b4b796c\" data-element_type=\"column\">\n\t\t\t<div class=\"elementor-widget-wrap elementor-element-populated\">\n\t\t\t\t\t\t\t\t<div class=\"elementor-element elementor-element-26d3996 elementor-widget elementor-widget-heading\" data-id=\"26d3996\" data-element_type=\"widget\" data-widget_type=\"heading.default\">\n\t\t\t\t<div class=\"elementor-widget-container\">\n\t\t\t<style>\/*! elementor - v3.17.0 - 01-11-2023 *\/\n.elementor-heading-title{padding:0;margin:0;line-height:1}.elementor-widget-heading .elementor-heading-title[class*=elementor-size-]>a{color:inherit;font-size:inherit;line-height:inherit}.elementor-widget-heading .elementor-heading-title.elementor-size-small{font-size:15px}.elementor-widget-heading .elementor-heading-title.elementor-size-medium{font-size:19px}.elementor-widget-heading .elementor-heading-title.elementor-size-large{font-size:29px}.elementor-widget-heading .elementor-heading-title.elementor-size-xl{font-size:39px}.elementor-widget-heading .elementor-heading-title.elementor-size-xxl{font-size:59px}<\/style><h2 class=\"elementor-heading-title elementor-size-default\">L'aube de la comptabilit\u00e9<\/h2>\t\t<\/div>\n\t\t\t\t<\/div>\n\t\t\t\t\t<\/div>\n\t\t<\/div>\n\t\t\t\t\t\t\t<\/div>\n\t\t<\/section>\n\t\t\t\t<section class=\"elementor-section elementor-top-section elementor-element elementor-element-208c6e3 elementor-section-boxed elementor-section-height-default elementor-section-height-default\" data-id=\"208c6e3\" data-element_type=\"section\">\n\t\t\t\t\t\t<div class=\"elementor-container elementor-column-gap-default\">\n\t\t\t\t\t<div class=\"elementor-column elementor-col-100 elementor-top-column elementor-element elementor-element-a64b813\" data-id=\"a64b813\" data-element_type=\"column\">\n\t\t\t<div class=\"elementor-widget-wrap elementor-element-populated\">\n\t\t\t\t\t\t\t\t<div class=\"elementor-element elementor-element-2b9ef1d elementor-widget elementor-widget-text-editor\" data-id=\"2b9ef1d\" data-element_type=\"widget\" data-widget_type=\"text-editor.default\">\n\t\t\t\t<div class=\"elementor-widget-container\">\n\t\t\t\t\t\t\t<p> Les premi\u00e8res traces d&rsquo;\u00e9criture ont \u00e9t\u00e9 d\u00e9couvertes lors de fouilles arch\u00e9ologiques en M\u00e9sopotamie. Ces fouilles ont \u00e9galement permis de d\u00e9couvrir des traces d&rsquo;inventaires comptables sous forme d&rsquo;encoches sur des supports en argile. Les origines de la comptabilit\u00e9 sont donc \u00e9troitement li\u00e9es \u00e0 celles de l&rsquo;\u00e9criture et de la cartographie, ce qui nous am\u00e8ne \u00e0 penser que l&rsquo;histoire de la comptabilit\u00e9 est aussi ancienne que celle de l&rsquo;humanit\u00e9 elle-m\u00eame. <\/p>\t\t\t\t\t\t<\/div>\n\t\t\t\t<\/div>\n\t\t\t\t\t<\/div>\n\t\t<\/div>\n\t\t\t\t\t\t\t<\/div>\n\t\t<\/section>\n\t\t\t\t<section class=\"elementor-section elementor-top-section elementor-element elementor-element-6cae3dc elementor-section-boxed elementor-section-height-default elementor-section-height-default\" data-id=\"6cae3dc\" data-element_type=\"section\">\n\t\t\t\t\t\t<div class=\"elementor-container elementor-column-gap-default\">\n\t\t\t\t\t<div class=\"elementor-column elementor-col-100 elementor-top-column elementor-element elementor-element-52f6de4\" data-id=\"52f6de4\" data-element_type=\"column\">\n\t\t\t<div class=\"elementor-widget-wrap elementor-element-populated\">\n\t\t\t\t\t\t\t\t<div class=\"elementor-element elementor-element-e06eba9 elementor-widget elementor-widget-heading\" data-id=\"e06eba9\" data-element_type=\"widget\" data-widget_type=\"heading.default\">\n\t\t\t\t<div class=\"elementor-widget-container\">\n\t\t\t<h2 class=\"elementor-heading-title elementor-size-default\">La comptabilit\u00e9 dans l'Antiquit\u00e9 et au Moyen \u00c2ge<\/h2>\t\t<\/div>\n\t\t\t\t<\/div>\n\t\t\t\t\t<\/div>\n\t\t<\/div>\n\t\t\t\t\t\t\t<\/div>\n\t\t<\/section>\n\t\t\t\t<section class=\"elementor-section elementor-top-section elementor-element elementor-element-68010ec elementor-section-boxed elementor-section-height-default elementor-section-height-default\" data-id=\"68010ec\" data-element_type=\"section\">\n\t\t\t\t\t\t<div class=\"elementor-container elementor-column-gap-default\">\n\t\t\t\t\t<div class=\"elementor-column elementor-col-100 elementor-top-column elementor-element elementor-element-8cf1de1\" data-id=\"8cf1de1\" data-element_type=\"column\">\n\t\t\t<div class=\"elementor-widget-wrap elementor-element-populated\">\n\t\t\t\t\t\t\t\t<div class=\"elementor-element elementor-element-619b895 elementor-widget elementor-widget-text-editor\" data-id=\"619b895\" data-element_type=\"widget\" data-widget_type=\"text-editor.default\">\n\t\t\t\t<div class=\"elementor-widget-container\">\n\t\t\t\t\t\t\t<p> L&rsquo;histoire de la comptabilit\u00e9 remonte plus pr\u00e9cis\u00e9ment \u00e0 l&rsquo;Antiquit\u00e9. La comptabilit\u00e9 (au sens de \u00ab\u00a0compter les valeurs\u00a0\u00bb) ne se limitait pas \u00e0 l&rsquo;enregistrement des transactions commerciales. Les anc\u00eatres des comptables se trouvaient d\u00e9j\u00e0 dans les civilisations anciennes, parmi les riches marchands et banquiers. \u00c0 cette \u00e9poque, ils agissaient en tant qu&rsquo;administrateurs. Ces majordomes \u00e9taient charg\u00e9s de la comptabilit\u00e9 nationale. C&rsquo;\u00e9taient souvent des esclaves \u00e9rudits. Ils \u00e9taient les anc\u00eatres des comptables d&rsquo;entreprise. <\/p> <p> \u00c0 mesure que les pratiques commerciales \u00e9voluaient, les pratiques comptables \u00e9voluaient \u00e9galement. L&rsquo;invention de l&rsquo;imprimerie et l&rsquo;utilisation du papier sont des facteurs importants pour comprendre la diffusion des techniques d&rsquo;enregistrement comptable \u00e0 la fin du Moyen \u00c2ge. <\/p>\t\t\t\t\t\t<\/div>\n\t\t\t\t<\/div>\n\t\t\t\t\t<\/div>\n\t\t<\/div>\n\t\t\t\t\t\t\t<\/div>\n\t\t<\/section>\n\t\t\t\t<section class=\"elementor-section elementor-top-section elementor-element elementor-element-b73b1d8 elementor-section-boxed elementor-section-height-default elementor-section-height-default\" data-id=\"b73b1d8\" data-element_type=\"section\">\n\t\t\t\t\t\t<div class=\"elementor-container elementor-column-gap-default\">\n\t\t\t\t\t<div class=\"elementor-column elementor-col-100 elementor-top-column elementor-element elementor-element-e43a2c8\" data-id=\"e43a2c8\" data-element_type=\"column\">\n\t\t\t<div class=\"elementor-widget-wrap elementor-element-populated\">\n\t\t\t\t\t\t\t\t<div class=\"elementor-element elementor-element-34abe63 elementor-widget elementor-widget-heading\" data-id=\"34abe63\" data-element_type=\"widget\" data-widget_type=\"heading.default\">\n\t\t\t\t<div class=\"elementor-widget-container\">\n\t\t\t<h2 class=\"elementor-heading-title elementor-size-default\">La naissance du bilan financier moderne<\/h2>\t\t<\/div>\n\t\t\t\t<\/div>\n\t\t\t\t\t<\/div>\n\t\t<\/div>\n\t\t\t\t\t\t\t<\/div>\n\t\t<\/section>\n\t\t\t\t<section class=\"elementor-section elementor-top-section elementor-element elementor-element-9bf0922 elementor-section-boxed elementor-section-height-default elementor-section-height-default\" data-id=\"9bf0922\" data-element_type=\"section\">\n\t\t\t\t\t\t<div class=\"elementor-container elementor-column-gap-default\">\n\t\t\t\t\t<div class=\"elementor-column elementor-col-100 elementor-top-column elementor-element elementor-element-0cdf205\" data-id=\"0cdf205\" data-element_type=\"column\">\n\t\t\t<div class=\"elementor-widget-wrap elementor-element-populated\">\n\t\t\t\t\t\t\t\t<div class=\"elementor-element elementor-element-ad9e5f4 elementor-widget elementor-widget-text-editor\" data-id=\"ad9e5f4\" data-element_type=\"widget\" data-widget_type=\"text-editor.default\">\n\t\t\t\t<div class=\"elementor-widget-container\">\n\t\t\t\t\t\t\t<p> En 1493, le moine Luca Pacioli a publi\u00e9 le premier livre de comptabilit\u00e9 en italien. Il a popularis\u00e9 les pratiques commerciales des commer\u00e7ants du nord de l&rsquo;Italie et la technique de la comptabilit\u00e9 en partie double. Il consiste \u00e0 enregistrer toutes les transactions sur deux comptes simultan\u00e9ment. Lorsque les deux comptes utilis\u00e9s sont des comptes d&rsquo;actifs, la saisie refl\u00e8te une modification de la structure des actifs (le commer\u00e7ant paie les marchandises, l&rsquo;augmentation de la valeur des stocks de marchandises compense la diminution du compte de tr\u00e9sorerie). <\/p>\t\t\t\t\t\t<\/div>\n\t\t\t\t<\/div>\n\t\t\t\t\t<\/div>\n\t\t<\/div>\n\t\t\t\t\t\t\t<\/div>\n\t\t<\/section>\n\t\t\t\t<section class=\"elementor-section elementor-top-section elementor-element elementor-element-3ddffe7 elementor-section-boxed elementor-section-height-default elementor-section-height-default\" data-id=\"3ddffe7\" data-element_type=\"section\">\n\t\t\t\t\t\t<div class=\"elementor-container elementor-column-gap-default\">\n\t\t\t\t\t<div class=\"elementor-column elementor-col-100 elementor-top-column elementor-element elementor-element-b30b066\" data-id=\"b30b066\" data-element_type=\"column\">\n\t\t\t<div class=\"elementor-widget-wrap elementor-element-populated\">\n\t\t\t\t\t\t\t\t<div class=\"elementor-element elementor-element-1df1c5e elementor-widget elementor-widget-heading\" data-id=\"1df1c5e\" data-element_type=\"widget\" data-widget_type=\"heading.default\">\n\t\t\t\t<div class=\"elementor-widget-container\">\n\t\t\t<h2 class=\"elementor-heading-title elementor-size-default\">L'\u00e9volution du bilan financier<\/h2>\t\t<\/div>\n\t\t\t\t<\/div>\n\t\t\t\t\t<\/div>\n\t\t<\/div>\n\t\t\t\t\t\t\t<\/div>\n\t\t<\/section>\n\t\t\t\t<section class=\"elementor-section elementor-top-section elementor-element elementor-element-9df1cc9 elementor-section-boxed elementor-section-height-default elementor-section-height-default\" data-id=\"9df1cc9\" data-element_type=\"section\">\n\t\t\t\t\t\t<div class=\"elementor-container elementor-column-gap-default\">\n\t\t\t\t\t<div class=\"elementor-column elementor-col-100 elementor-top-column elementor-element elementor-element-ab3aa1f\" data-id=\"ab3aa1f\" data-element_type=\"column\">\n\t\t\t<div class=\"elementor-widget-wrap elementor-element-populated\">\n\t\t\t\t\t\t\t\t<div class=\"elementor-element elementor-element-c3317c1 elementor-widget elementor-widget-text-editor\" data-id=\"c3317c1\" data-element_type=\"widget\" data-widget_type=\"text-editor.default\">\n\t\t\t\t<div class=\"elementor-widget-container\">\n\t\t\t\t\t\t\t<p> Les techniques comptables \u00e9voluent progressivement. Des exigences comptables apparaissent, comme l&rsquo;obligation impos\u00e9e aux usines fran\u00e7aises au XVIIe si\u00e8cle de tenir un inventaire semestriel des stocks. <\/p> <p> Jusqu&rsquo;au XXe si\u00e8cle, les \u00e9crits comptables restaient essentiellement des ouvrages techniques ou p\u00e9dagogiques. Les r\u00e9flexions th\u00e9oriques \u00e9taient relativement limit\u00e9es et se concentraient principalement sur les m\u00e9canismes d&rsquo;enregistrement comptable ou sur des concepts et des d\u00e9finitions. <\/p> <p> L&rsquo;arriv\u00e9e de la soci\u00e9t\u00e9 industrielle et le d\u00e9veloppement des soci\u00e9t\u00e9s anonymes \u00e0 la fin du XIXe si\u00e8cle ont entra\u00een\u00e9 des changements dans les outils comptables. La r\u00e9flexion comptable a ensuite port\u00e9 \u00e0 la fois sur l&rsquo;am\u00e9lioration des techniques de comptabilit\u00e9 et sur les probl\u00e8mes de calcul des co\u00fbts. La comptabilit\u00e9 de gestion, en particulier, doit beaucoup aux travaux novateurs de Frederick W. Taylor (1902) et Henri Fayol (1916). <\/p> <p> Ce qui caract\u00e9rise l&rsquo;\u00e9volution de la comptabilit\u00e9 au XXe si\u00e8cle est le ph\u00e9nom\u00e8ne d&rsquo;harmonisation des pratiques (connu sous le nom de \u00ab\u00a0standardisation\u00a0\u00bb). L&rsquo;harmonisation a d\u00e9but\u00e9 au niveau national et s&rsquo;est acc\u00e9l\u00e9r\u00e9e au niveau international au cours de la seconde moiti\u00e9 du si\u00e8cle. <\/p>\t\t\t\t\t\t<\/div>\n\t\t\t\t<\/div>\n\t\t\t\t\t<\/div>\n\t\t<\/div>\n\t\t\t\t\t\t\t<\/div>\n\t\t<\/section>\n\t\t\t\t<section class=\"elementor-section elementor-top-section elementor-element elementor-element-31c8335 elementor-section-boxed elementor-section-height-default elementor-section-height-default\" data-id=\"31c8335\" data-element_type=\"section\">\n\t\t\t\t\t\t<div class=\"elementor-container elementor-column-gap-default\">\n\t\t\t\t\t<div class=\"elementor-column elementor-col-100 elementor-top-column elementor-element elementor-element-7800f82\" data-id=\"7800f82\" data-element_type=\"column\">\n\t\t\t<div class=\"elementor-widget-wrap elementor-element-populated\">\n\t\t\t\t\t\t\t\t<div class=\"elementor-element elementor-element-3efa50c elementor-widget elementor-widget-heading\" data-id=\"3efa50c\" data-element_type=\"widget\" data-widget_type=\"heading.default\">\n\t\t\t\t<div class=\"elementor-widget-container\">\n\t\t\t<h2 class=\"elementor-heading-title elementor-size-default\">Le bilan financier actuel<\/h2>\t\t<\/div>\n\t\t\t\t<\/div>\n\t\t\t\t\t<\/div>\n\t\t<\/div>\n\t\t\t\t\t\t\t<\/div>\n\t\t<\/section>\n\t\t\t\t<section class=\"elementor-section elementor-top-section elementor-element elementor-element-cd133c0 elementor-section-boxed elementor-section-height-default elementor-section-height-default\" data-id=\"cd133c0\" data-element_type=\"section\">\n\t\t\t\t\t\t<div class=\"elementor-container elementor-column-gap-default\">\n\t\t\t\t\t<div class=\"elementor-column elementor-col-100 elementor-top-column elementor-element elementor-element-a75b933\" data-id=\"a75b933\" data-element_type=\"column\">\n\t\t\t<div class=\"elementor-widget-wrap elementor-element-populated\">\n\t\t\t\t\t\t\t\t<div class=\"elementor-element elementor-element-9630e75 elementor-widget elementor-widget-text-editor\" data-id=\"9630e75\" data-element_type=\"widget\" data-widget_type=\"text-editor.default\">\n\t\t\t\t<div class=\"elementor-widget-container\">\n\t\t\t\t\t\t\t<p> Aujourd&rsquo;hui, le bilan est un outil cl\u00e9 de comptabilit\u00e9 financi\u00e8re. Il donne un aper\u00e7u de la situation financi\u00e8re d&rsquo;une entreprise \u00e0 un moment donn\u00e9, y compris de ses actifs, de ses passifs et de ses capitaux propres. Le bilan est utilis\u00e9 par de nombreuses personnes au sein d&rsquo;une organisation pour \u00e9valuer de mani\u00e8re ad\u00e9quate la sant\u00e9 financi\u00e8re et la valeur d&rsquo;une entreprise. <\/p>\t\t\t\t\t\t<\/div>\n\t\t\t\t<\/div>\n\t\t\t\t\t<\/div>\n\t\t<\/div>\n\t\t\t\t\t\t\t<\/div>\n\t\t<\/section>\n\t\t\t\t<section class=\"elementor-section elementor-top-section elementor-element elementor-element-85e07cb elementor-section-boxed elementor-section-height-default elementor-section-height-default\" data-id=\"85e07cb\" data-element_type=\"section\">\n\t\t\t\t\t\t<div class=\"elementor-container elementor-column-gap-default\">\n\t\t\t\t\t<div class=\"elementor-column elementor-col-100 elementor-top-column elementor-element elementor-element-0b909d8\" data-id=\"0b909d8\" data-element_type=\"column\">\n\t\t\t<div class=\"elementor-widget-wrap elementor-element-populated\">\n\t\t\t\t\t\t\t\t<div class=\"elementor-element elementor-element-7f694f3 elementor-widget elementor-widget-text-editor\" data-id=\"7f694f3\" data-element_type=\"widget\" data-widget_type=\"text-editor.default\">\n\t\t\t\t<div class=\"elementor-widget-container\">\n\t\t\t\t\t\t\t<p> Tout au long de son histoire, le bilan financier a \u00e9volu\u00e9 au fil du temps, s&rsquo;adaptant \u00e0 l&rsquo;\u00e9volution des besoins et \u00e0 la complexit\u00e9 croissante du monde des affaires. Aujourd&rsquo;hui, il est plus important que jamais de fournir les informations vitales n\u00e9cessaires \u00e0 la prise de d\u00e9cisions dans un monde des affaires de plus en plus interconnect\u00e9 et dynamique. Il ne fait aucun doute que le bilan continuera d&rsquo;\u00eatre un outil fondamental du monde financier dans les ann\u00e9es \u00e0 venir. <\/p>\t\t\t\t\t\t<\/div>\n\t\t\t\t<\/div>\n\t\t\t\t\t<\/div>\n\t\t<\/div>\n\t\t\t\t\t\t\t<\/div>\n\t\t<\/section>\n\t\t\t\t\t\t\t<\/div>\n\t\t","protected":false},"excerpt":{"rendered":"<p>Dans le monde de la finance, tr\u00e8s peu d&rsquo;\u00e9l\u00e9ments sont aussi essentiels et \u00e9vocateurs que le bilan. <\/p>\n","protected":false},"author":1,"featured_media":3139,"comment_status":"open","ping_status":"open","sticky":false,"template":"","format":"standard","meta":{"footnotes":""},"categories":[5],"tags":[],"post_class":"clearfix post-45508 post type-post status-publish format-standard has-post-thumbnail hentry category-finance entry","author_meta":{"name":"blog_infoempr","url":"https://blog.infoempresa.com\/fr\/author\/blog_infoempr\/"},"category_list":"<a href=\"https://blog.infoempresa.com\/es\/category\/finance\/\" rel=\"category tag\">Finance<\/a>","featured_image":{"source_url":"<img width=\"2560\" height=\"1440\" src=\"https://blog.infoempresa.com\/wp-content\/uploads\/2023\/11\/northfolk-Ok76F6yW2iA-unsplash-scaled.jpg\" class=\"attachment-post-thumbnail size-post-thumbnail wp-post-image\" alt=\"\" decoding=\"async\" loading=\"lazy\" srcset=\"https://blog.infoempresa.com\/wp-content\/uploads\/2023\/11\/northfolk-Ok76F6yW2iA-unsplash-scaled.jpg 2560w, https://blog.infoempresa.com\/wp-content\/uploads\/2023\/11\/northfolk-Ok76F6yW2iA-unsplash-300x169.jpg 300w, https://blog.infoempresa.com\/wp-content\/uploads\/2023\/11\/northfolk-Ok76F6yW2iA-unsplash-1024x576.jpg 1024w, https://blog.infoempresa.com\/wp-content\/uploads\/2023\/11\/northfolk-Ok76F6yW2iA-unsplash-768x432.jpg 768w, https://blog.infoempresa.com\/wp-content\/uploads\/2023\/11\/northfolk-Ok76F6yW2iA-unsplash-1536x864.jpg 1536w, https://blog.infoempresa.com\/wp-content\/uploads\/2023\/11\/northfolk-Ok76F6yW2iA-unsplash-2048x1152.jpg 2048w, https://blog.infoempresa.com\/wp-content\/uploads\/2023\/11\/northfolk-Ok76F6yW2iA-unsplash-1736x977.jpg 1736w\" sizes=\"(max-width: 2560px) 100vw, 2560px\" \/>","sizes":{"thumbnail":"<img width=\"150\" height=\"150\" src=\"https://blog.infoempresa.com\/wp-content\/uploads\/2023\/11\/northfolk-Ok76F6yW2iA-unsplash-150x150.jpg\" class=\"attachment-thumbnail size-thumbnail wp-post-image\" alt=\"\" decoding=\"async\" loading=\"lazy\" srcset=\"https://blog.infoempresa.com\/wp-content\/uploads\/2023\/11\/northfolk-Ok76F6yW2iA-unsplash-150x150.jpg 150w, https://blog.infoempresa.com\/wp-content\/uploads\/2023\/11\/northfolk-Ok76F6yW2iA-unsplash-1200x1200.jpg 1200w, https://blog.infoempresa.com\/wp-content\/uploads\/2023\/11\/northfolk-Ok76F6yW2iA-unsplash-600x600.jpg 600w\" sizes=\"(max-width: 150px) 100vw, 150px\" \/>","medium":"<img width=\"300\" height=\"169\" src=\"https://blog.infoempresa.com\/wp-content\/uploads\/2023\/11\/northfolk-Ok76F6yW2iA-unsplash-300x169.jpg\" class=\"attachment-medium size-medium wp-post-image\" alt=\"\" decoding=\"async\" loading=\"lazy\" srcset=\"https://blog.infoempresa.com\/wp-content\/uploads\/2023\/11\/northfolk-Ok76F6yW2iA-unsplash-300x169.jpg 300w, https://blog.infoempresa.com\/wp-content\/uploads\/2023\/11\/northfolk-Ok76F6yW2iA-unsplash-1024x576.jpg 1024w, https://blog.infoempresa.com\/wp-content\/uploads\/2023\/11\/northfolk-Ok76F6yW2iA-unsplash-768x432.jpg 768w, https://blog.infoempresa.com\/wp-content\/uploads\/2023\/11\/northfolk-Ok76F6yW2iA-unsplash-1536x864.jpg 1536w, https://blog.infoempresa.com\/wp-content\/uploads\/2023\/11\/northfolk-Ok76F6yW2iA-unsplash-2048x1152.jpg 2048w, https://blog.infoempresa.com\/wp-content\/uploads\/2023\/11\/northfolk-Ok76F6yW2iA-unsplash-1736x977.jpg 1736w\" sizes=\"(max-width: 300px) 100vw, 300px\" \/>","medium_large":"<img width=\"700\" height=\"394\" src=\"https://blog.infoempresa.com\/wp-content\/uploads\/2023\/11\/northfolk-Ok76F6yW2iA-unsplash-768x432.jpg\" class=\"attachment-medium_large size-medium_large wp-post-image\" alt=\"\" decoding=\"async\" loading=\"lazy\" srcset=\"https://blog.infoempresa.com\/wp-content\/uploads\/2023\/11\/northfolk-Ok76F6yW2iA-unsplash-768x432.jpg 768w, https://blog.infoempresa.com\/wp-content\/uploads\/2023\/11\/northfolk-Ok76F6yW2iA-unsplash-300x169.jpg 300w, https://blog.infoempresa.com\/wp-content\/uploads\/2023\/11\/northfolk-Ok76F6yW2iA-unsplash-1024x576.jpg 1024w, https://blog.infoempresa.com\/wp-content\/uploads\/2023\/11\/northfolk-Ok76F6yW2iA-unsplash-1536x864.jpg 1536w, https://blog.infoempresa.com\/wp-content\/uploads\/2023\/11\/northfolk-Ok76F6yW2iA-unsplash-2048x1152.jpg 2048w, https://blog.infoempresa.com\/wp-content\/uploads\/2023\/11\/northfolk-Ok76F6yW2iA-unsplash-1736x977.jpg 1736w\" sizes=\"(max-width: 700px) 100vw, 700px\" \/>","large":"<img width=\"700\" height=\"394\" src=\"https://blog.infoempresa.com\/wp-content\/uploads\/2023\/11\/northfolk-Ok76F6yW2iA-unsplash-1024x576.jpg\" class=\"attachment-large size-large wp-post-image\" alt=\"\" decoding=\"async\" loading=\"lazy\" srcset=\"https://blog.infoempresa.com\/wp-content\/uploads\/2023\/11\/northfolk-Ok76F6yW2iA-unsplash-1024x576.jpg 1024w, https://blog.infoempresa.com\/wp-content\/uploads\/2023\/11\/northfolk-Ok76F6yW2iA-unsplash-300x169.jpg 300w, https://blog.infoempresa.com\/wp-content\/uploads\/2023\/11\/northfolk-Ok76F6yW2iA-unsplash-768x432.jpg 768w, https://blog.infoempresa.com\/wp-content\/uploads\/2023\/11\/northfolk-Ok76F6yW2iA-unsplash-1536x864.jpg 1536w, https://blog.infoempresa.com\/wp-content\/uploads\/2023\/11\/northfolk-Ok76F6yW2iA-unsplash-2048x1152.jpg 2048w, https://blog.infoempresa.com\/wp-content\/uploads\/2023\/11\/northfolk-Ok76F6yW2iA-unsplash-1736x977.jpg 1736w\" sizes=\"(max-width: 700px) 100vw, 700px\" \/>","rss-image":"<img width=\"300\" height=\"169\" src=\"https://blog.infoempresa.com\/wp-content\/uploads\/2023\/11\/northfolk-Ok76F6yW2iA-unsplash-300x169.jpg\" class=\"attachment-rss-image size-rss-image wp-post-image\" alt=\"\" decoding=\"async\" loading=\"lazy\" srcset=\"https://blog.infoempresa.com\/wp-content\/uploads\/2023\/11\/northfolk-Ok76F6yW2iA-unsplash-300x169.jpg 300w, https://blog.infoempresa.com\/wp-content\/uploads\/2023\/11\/northfolk-Ok76F6yW2iA-unsplash-1024x576.jpg 1024w, https://blog.infoempresa.com\/wp-content\/uploads\/2023\/11\/northfolk-Ok76F6yW2iA-unsplash-768x432.jpg 768w, https://blog.infoempresa.com\/wp-content\/uploads\/2023\/11\/northfolk-Ok76F6yW2iA-unsplash-1536x864.jpg 1536w, https://blog.infoempresa.com\/wp-content\/uploads\/2023\/11\/northfolk-Ok76F6yW2iA-unsplash-2048x1152.jpg 2048w, https://blog.infoempresa.com\/wp-content\/uploads\/2023\/11\/northfolk-Ok76F6yW2iA-unsplash-1736x977.jpg 1736w\" sizes=\"(max-width: 300px) 100vw, 300px\" \/>","1536x1536":"<img width=\"1536\" height=\"864\" src=\"https://blog.infoempresa.com\/wp-content\/uploads\/2023\/11\/northfolk-Ok76F6yW2iA-unsplash-1536x864.jpg\" class=\"attachment-1536x1536 size-1536x1536 wp-post-image\" alt=\"\" decoding=\"async\" loading=\"lazy\" srcset=\"https://blog.infoempresa.com\/wp-content\/uploads\/2023\/11\/northfolk-Ok76F6yW2iA-unsplash-1536x864.jpg 1536w, https://blog.infoempresa.com\/wp-content\/uploads\/2023\/11\/northfolk-Ok76F6yW2iA-unsplash-300x169.jpg 300w, https://blog.infoempresa.com\/wp-content\/uploads\/2023\/11\/northfolk-Ok76F6yW2iA-unsplash-1024x576.jpg 1024w, https://blog.infoempresa.com\/wp-content\/uploads\/2023\/11\/northfolk-Ok76F6yW2iA-unsplash-768x432.jpg 768w, https://blog.infoempresa.com\/wp-content\/uploads\/2023\/11\/northfolk-Ok76F6yW2iA-unsplash-2048x1152.jpg 2048w, https://blog.infoempresa.com\/wp-content\/uploads\/2023\/11\/northfolk-Ok76F6yW2iA-unsplash-1736x977.jpg 1736w\" sizes=\"(max-width: 1536px) 100vw, 1536px\" \/>","2048x2048":"<img width=\"2048\" height=\"1152\" src=\"https://blog.infoempresa.com\/wp-content\/uploads\/2023\/11\/northfolk-Ok76F6yW2iA-unsplash-2048x1152.jpg\" class=\"attachment-2048x2048 size-2048x2048 wp-post-image\" alt=\"\" decoding=\"async\" loading=\"lazy\" srcset=\"https://blog.infoempresa.com\/wp-content\/uploads\/2023\/11\/northfolk-Ok76F6yW2iA-unsplash-2048x1152.jpg 2048w, https://blog.infoempresa.com\/wp-content\/uploads\/2023\/11\/northfolk-Ok76F6yW2iA-unsplash-300x169.jpg 300w, https://blog.infoempresa.com\/wp-content\/uploads\/2023\/11\/northfolk-Ok76F6yW2iA-unsplash-1024x576.jpg 1024w, https://blog.infoempresa.com\/wp-content\/uploads\/2023\/11\/northfolk-Ok76F6yW2iA-unsplash-768x432.jpg 768w, https://blog.infoempresa.com\/wp-content\/uploads\/2023\/11\/northfolk-Ok76F6yW2iA-unsplash-1536x864.jpg 1536w, https://blog.infoempresa.com\/wp-content\/uploads\/2023\/11\/northfolk-Ok76F6yW2iA-unsplash-1736x977.jpg 1736w\" sizes=\"(max-width: 2048px) 100vw, 2048px\" \/>","landscape":"<img width=\"1200\" height=\"800\" src=\"https://blog.infoempresa.com\/wp-content\/uploads\/2023\/11\/northfolk-Ok76F6yW2iA-unsplash-1200x800.jpg\" class=\"attachment-landscape size-landscape wp-post-image\" alt=\"\" decoding=\"async\" loading=\"lazy\" srcset=\"https://blog.infoempresa.com\/wp-content\/uploads\/2023\/11\/northfolk-Ok76F6yW2iA-unsplash-1200x800.jpg 1200w, https://blog.infoempresa.com\/wp-content\/uploads\/2023\/11\/northfolk-Ok76F6yW2iA-unsplash-600x400.jpg 600w\" sizes=\"(max-width: 1200px) 100vw, 1200px\" \/>","square":"<img width=\"1200\" height=\"1200\" src=\"https://blog.infoempresa.com\/wp-content\/uploads\/2023\/11\/northfolk-Ok76F6yW2iA-unsplash-1200x1200.jpg\" class=\"attachment-square size-square wp-post-image\" alt=\"\" decoding=\"async\" loading=\"lazy\" srcset=\"https://blog.infoempresa.com\/wp-content\/uploads\/2023\/11\/northfolk-Ok76F6yW2iA-unsplash-1200x1200.jpg 1200w, https://blog.infoempresa.com\/wp-content\/uploads\/2023\/11\/northfolk-Ok76F6yW2iA-unsplash-150x150.jpg 150w, https://blog.infoempresa.com\/wp-content\/uploads\/2023\/11\/northfolk-Ok76F6yW2iA-unsplash-600x600.jpg 600w\" sizes=\"(max-width: 1200px) 100vw, 1200px\" \/>","portrait":"<img width=\"1200\" height=\"1800\" src=\"https://blog.infoempresa.com\/wp-content\/uploads\/2023\/11\/northfolk-Ok76F6yW2iA-unsplash-1200x1800.jpg\" class=\"attachment-portrait size-portrait wp-post-image\" alt=\"\" decoding=\"async\" loading=\"lazy\" srcset=\"https://blog.infoempresa.com\/wp-content\/uploads\/2023\/11\/northfolk-Ok76F6yW2iA-unsplash-1200x1800.jpg 1200w, https://blog.infoempresa.com\/wp-content\/uploads\/2023\/11\/northfolk-Ok76F6yW2iA-unsplash-600x900.jpg 600w\" sizes=\"(max-width: 1200px) 100vw, 1200px\" \/>","landscape_medium":"<img width=\"600\" height=\"400\" src=\"https://blog.infoempresa.com\/wp-content\/uploads\/2023\/11\/northfolk-Ok76F6yW2iA-unsplash-600x400.jpg\" class=\"attachment-landscape_medium size-landscape_medium wp-post-image\" alt=\"\" decoding=\"async\" loading=\"lazy\" srcset=\"https://blog.infoempresa.com\/wp-content\/uploads\/2023\/11\/northfolk-Ok76F6yW2iA-unsplash-600x400.jpg 600w, https://blog.infoempresa.com\/wp-content\/uploads\/2023\/11\/northfolk-Ok76F6yW2iA-unsplash-1200x800.jpg 1200w\" sizes=\"(max-width: 600px) 100vw, 600px\" \/>","portrait_medium":"<img width=\"600\" height=\"900\" src=\"https://blog.infoempresa.com\/wp-content\/uploads\/2023\/11\/northfolk-Ok76F6yW2iA-unsplash-600x900.jpg\" class=\"attachment-portrait_medium size-portrait_medium wp-post-image\" alt=\"\" decoding=\"async\" loading=\"lazy\" srcset=\"https://blog.infoempresa.com\/wp-content\/uploads\/2023\/11\/northfolk-Ok76F6yW2iA-unsplash-600x900.jpg 600w, https://blog.infoempresa.com\/wp-content\/uploads\/2023\/11\/northfolk-Ok76F6yW2iA-unsplash-1200x1800.jpg 1200w\" sizes=\"(max-width: 600px) 100vw, 600px\" \/>","square_medium":"<img width=\"600\" height=\"600\" src=\"https://blog.infoempresa.com\/wp-content\/uploads\/2023\/11\/northfolk-Ok76F6yW2iA-unsplash-600x600.jpg\" class=\"attachment-square_medium size-square_medium wp-post-image\" alt=\"\" decoding=\"async\" loading=\"lazy\" srcset=\"https://blog.infoempresa.com\/wp-content\/uploads\/2023\/11\/northfolk-Ok76F6yW2iA-unsplash-600x600.jpg 600w, https://blog.infoempresa.com\/wp-content\/uploads\/2023\/11\/northfolk-Ok76F6yW2iA-unsplash-150x150.jpg 150w, https://blog.infoempresa.com\/wp-content\/uploads\/2023\/11\/northfolk-Ok76F6yW2iA-unsplash-1200x1200.jpg 1200w\" sizes=\"(max-width: 600px) 100vw, 600px\" \/>","sarmaya-featured-image":"<img width=\"1736\" height=\"977\" src=\"https://blog.infoempresa.com\/wp-content\/uploads\/2023\/11\/northfolk-Ok76F6yW2iA-unsplash-1736x977.jpg\" class=\"attachment-sarmaya-featured-image size-sarmaya-featured-image wp-post-image\" alt=\"\" decoding=\"async\" loading=\"lazy\" srcset=\"https://blog.infoempresa.com\/wp-content\/uploads\/2023\/11\/northfolk-Ok76F6yW2iA-unsplash-1736x977.jpg 1736w, https://blog.infoempresa.com\/wp-content\/uploads\/2023\/11\/northfolk-Ok76F6yW2iA-unsplash-300x169.jpg 300w, https://blog.infoempresa.com\/wp-content\/uploads\/2023\/11\/northfolk-Ok76F6yW2iA-unsplash-1024x576.jpg 1024w, https://blog.infoempresa.com\/wp-content\/uploads\/2023\/11\/northfolk-Ok76F6yW2iA-unsplash-768x432.jpg 768w, https://blog.infoempresa.com\/wp-content\/uploads\/2023\/11\/northfolk-Ok76F6yW2iA-unsplash-1536x864.jpg 1536w, https://blog.infoempresa.com\/wp-content\/uploads\/2023\/11\/northfolk-Ok76F6yW2iA-unsplash-2048x1152.jpg 2048w\" sizes=\"(max-width: 1736px) 100vw, 1736px\" \/>"}},"published_date":"juillet 23, 2024","comments_number":"0 Comment","_links":{"self":[{"href":"https://blog.infoempresa.com\/fr\/wp-json\/wp\/v2\/posts\/45508"}],"collection":[{"href":"https://blog.infoempresa.com\/fr\/wp-json\/wp\/v2\/posts"}],"about":[{"href":"https://blog.infoempresa.com\/fr\/wp-json\/wp\/v2\/types\/post"}],"author":[{"embeddable":true,"href":"https://blog.infoempresa.com\/fr\/wp-json\/wp\/v2\/users\/1"}],"replies":[{"embeddable":true,"href":"https://blog.infoempresa.com\/fr\/wp-json\/wp\/v2\/comments?post=45508"}],"version-history":[{"count":0,"href":"https://blog.infoempresa.com\/fr\/wp-json\/wp\/v2\/posts\/45508\/revisions"}],"wp:featuredmedia":[{"embeddable":true,"href":"https://blog.infoempresa.com\/fr\/wp-json\/wp\/v2\/media\/3139"}],"wp:attachment":[{"href":"https://blog.infoempresa.com\/fr\/wp-json\/wp\/v2\/media?parent=45508"}],"wp:term":[{"taxonomy":"category","embeddable":true,"href":"https://blog.infoempresa.com\/fr\/wp-json\/wp\/v2\/categories?post=45508"},{"taxonomy":"post_tag","embeddable":true,"href":"https://blog.infoempresa.com\/fr\/wp-json\/wp\/v2\/tags?post=45508"}],"curies":[{"name":"wp","href":"https:\/\/api.w.org\/{rel}","templated":true}]}}